{"id":98298,"date":"2018-04-26T14:25:35","date_gmt":"2018-04-26T17:25:35","guid":{"rendered":"http:\/\/diarioregionaljf.com.br\/?p=98298"},"modified":"2018-04-26T14:25:35","modified_gmt":"2018-04-26T17:25:35","slug":"cemig-realiza-operacao-antigatos-em-diversas-cidades-mineiras","status":"publish","type":"post","link":"https:\/\/diarioregionaldigital.com.br\/?p=98298","title":{"rendered":"Cemig realiza opera\u00e7\u00e3o &#8216;antigatos&#8217; em diversas cidades mineiras"},"content":{"rendered":"<p style=\"font-weight: 400\">A\u00a0<a href=\"http:\/\/www.cemig.com.br\/\" target=\"_blank\" rel=\"noopener\">Cemig<\/a>\u00a0est\u00e1 fechando o cerco contra os consumidores que insistem em praticar furto de energia \u2013 popularmente conhecido como \u201cgato\u201d. A empresa acaba de finalizar\u00a0uma opera\u00e7\u00e3o que ocorreu simultaneamente em v\u00e1rios munic\u00edpios. Nessa ofensiva contra irregularidades, cerca de 400 clientes foram visitados para vistoria e outros 1.700 tiveram o fornecimento de energia cortado.<\/p>\n<p>Durante a opera\u00e7\u00e3o, foram encontrados 150 equipamentos com ind\u00edcios de fraudes, cerca de 40% dos medidores inspecionados. Os equipamentos suspeitos foram retirados e levados para per\u00edcia no laborat\u00f3rio da companhia. Al\u00e9m das inspe\u00e7\u00f5es, tamb\u00e9m foram executados cerca de 1.700 cortes por inadimpl\u00eancia.<\/p>\n<p>As inspe\u00e7\u00f5es ocorreram em Belo Horizonte, Uberl\u00e2ndia, Montes Claros, Ipatinga, Te\u00f3filo Otoni, Divin\u00f3polis, S\u00e3o Jo\u00e3o Del Rei, Capit\u00f3lio e Nova Resende, e contou com a participa\u00e7\u00e3o de 150 profissionais da Cemig.<\/p>\n<p>As liga\u00e7\u00f5es irregulares e clandestinas geram preju\u00edzo anual de aproximadamente R$ 300 milh\u00f5es \u00e0 companhia.<\/p>\n<p>De acordo com o engenheiro de planejamento energ\u00e9tico da Cemig, Armando Rocha, a tarifa dos consumidores mineiros poderia ser at\u00e9 5% mais barata se n\u00e3o houvesse liga\u00e7\u00f5es irregulares e clandestinas na \u00e1rea de concess\u00e3o da Cemig. Por isso, a companhia investe em opera\u00e7\u00f5es e possui, ainda, um centro de intelig\u00eancia que acompanha o consumo em tempo real de todos os seus clientes.<\/p>\n<p>\u201cAcompanhamos o consumo dos mais de oito milh\u00f5es de clientes e, al\u00e9m de fazer a rotina di\u00e1ria de inspe\u00e7\u00f5es atrav\u00e9s dessas avalia\u00e7\u00f5es de consumo, fazemos inspe\u00e7\u00f5es rotineiras e mutir\u00f5es em todos o estado. Temos encontrado muitas irregularidades e, ao corrigi-las, conseguimos preservar a receita da companhia\u201d, destaca o engenheiro.<\/p>\n<p>Armando Rocha ressalta que essa fraude acontece em todas as classes sociais e precisa ser combatida exaustivamente para conscientizar a sociedade: \u201c\u00c9 uma quest\u00e3o de cultura e estamos combatendo isso. O preju\u00edzo \u00e9 rateado entre a Cemig e todos os consumidores adimplentes, diminuindo os ganhos da distribuidora e encarecendo a tarifa para aqueles que usam a energia de maneira honesta\u201d.<\/p>\n<p><strong>Pr\u00e1tica \u00e9 criminosa<\/strong><\/p>\n<p>Caso seja confirmada a irregularidade pela Cemig, o titular da unidade consumidora pode responder criminalmente, j\u00e1 que a interven\u00e7\u00e3o \u00e9 crime previsto no artigo 155 do C\u00f3digo Penal e prev\u00ea multas e pena de um a oito anos de reclus\u00e3o, al\u00e9m da obriga\u00e7\u00e3o de ressarcimento de toda a energia furtada e n\u00e3o faturada em at\u00e9 36 meses, de forma retroativa.<\/p>\n<p>\u201cAl\u00e9m da sobrecarga na rede el\u00e9trica, as liga\u00e7\u00f5es irregulares podem causar graves acidentes, danos aos equipamentos el\u00e9tricos e queda na qualidade da energia, devido \u00e0s constantes interrup\u00e7\u00f5es no sistema el\u00e9trico provocadas pelo consumo irregular. Vale lembrar, ainda, que v\u00e1rias ocorr\u00eancias de rompimento de fios e queima de transformadores s\u00e3o registradas devido a essa pr\u00e1tica criminosa\u201d, finaliza Armando Rocha.<\/p>\n<p>As liga\u00e7\u00f5es irregulares e clandestinas representam a segunda maior causa de mortes com eletricidade no Brasil, atr\u00e1s apenas de acidentes fatais na constru\u00e7\u00e3o civil e manuten\u00e7\u00e3o predial. A popula\u00e7\u00e3o pode denunciar irregularidades pelo telefone 116. O risco de acidentes decorre da falta de padroniza\u00e7\u00e3o e de prote\u00e7\u00e3o adequada das liga\u00e7\u00f5es ilegais, que muitas vezes deixam os cabos de energia expostos.<\/p>\n<p>Fonte: Ag\u00eancia Minas<\/p>\n","protected":false},"excerpt":{"rendered":"<p>A\u00a0Cemig\u00a0est\u00e1 fechando o cerco contra os consumidores que insistem em praticar furto de energia \u2013 popularmente conhecido como \u201cgato\u201d. A empresa acaba de finalizar\u00a0uma opera\u00e7\u00e3o que ocorreu simultaneamente em v\u00e1rios munic\u00edpios. Nessa ofensiva contra irregularidades, cerca de 400 clientes foram visitados para vistoria e outros 1.700 tiveram o fornecimento de energia cortado. Durante a opera\u00e7\u00e3o, [&hellip;]<\/p>\n","protected":false},"author":96,"featured_media":98303,"comment_status":"closed","ping_status":"closed","sticky":false,"template":"","format":"standard","meta":{"footnotes":""},"categories":[436,252,439],"tags":[],"class_list":["post-98298","post","type-post","status-publish","format-standard","has-post-thumbnail","hentry","category-destaque-da-semana","category-regiao","category-ultima-hora"],"_links":{"self":[{"href":"https:\/\/diarioregionaldigital.com.br\/index.php?rest_route=\/wp\/v2\/posts\/98298","targetHints":{"allow":["GET"]}}],"collection":[{"href":"https:\/\/diarioregionaldigital.com.br\/index.php?rest_route=\/wp\/v2\/posts"}],"about":[{"href":"https:\/\/diarioregionaldigital.com.br\/index.php?rest_route=\/wp\/v2\/types\/post"}],"author":[{"embeddable":true,"href":"https:\/\/diarioregionaldigital.com.br\/index.php?rest_route=\/wp\/v2\/users\/96"}],"replies":[{"embeddable":true,"href":"https:\/\/diarioregionaldigital.com.br\/index.php?rest_route=%2Fwp%2Fv2%2Fcomments&post=98298"}],"version-history":[{"count":0,"href":"https:\/\/diarioregionaldigital.com.br\/index.php?rest_route=\/wp\/v2\/posts\/98298\/revisions"}],"wp:featuredmedia":[{"embeddable":true,"href":"https:\/\/diarioregionaldigital.com.br\/index.php?rest_route=\/wp\/v2\/media\/98303"}],"wp:attachment":[{"href":"https:\/\/diarioregionaldigital.com.br\/index.php?rest_route=%2Fwp%2Fv2%2Fmedia&parent=98298"}],"wp:term":[{"taxonomy":"category","embeddable":true,"href":"https:\/\/diarioregionaldigital.com.br\/index.php?rest_route=%2Fwp%2Fv2%2Fcategories&post=98298"},{"taxonomy":"post_tag","embeddable":true,"href":"https:\/\/diarioregionaldigital.com.br\/index.php?rest_route=%2Fwp%2Fv2%2Ftags&post=98298"}],"curies":[{"name":"wp","href":"https:\/\/api.w.org\/{rel}","templated":true}]}}