{"id":98267,"date":"2018-04-26T09:43:58","date_gmt":"2018-04-26T12:43:58","guid":{"rendered":"http:\/\/diarioregionaljf.com.br\/?p=98267"},"modified":"2018-04-26T09:43:58","modified_gmt":"2018-04-26T12:43:58","slug":"policia-militar-de-cataguases-prende-suspeitos-de-trafico-e-apreende-cocaina","status":"publish","type":"post","link":"https:\/\/diarioregionaldigital.com.br\/?p=98267","title":{"rendered":"Pol\u00edcia Militar de Cataguases prende suspeitos de tr\u00e1fico e apreende coca\u00edna"},"content":{"rendered":"<p>A Pol\u00edcia Militar prendeu dois homens suspeitos de tr\u00e1fico de drogas ap\u00f3s uma abordagem realizada no bairro Ana Carrara, em Cataguases. A a\u00e7\u00e3o aconteceu nesta quarta-feira, 25, ap\u00f3s informa\u00e7\u00f5es an\u00f4nimas de que os dois indiv\u00edduos, j\u00e1 com passagens pela pol\u00edcia, estariam transportando drogas em uma motocicleta.<\/p>\n<p>Segundo a PM, uma motocicleta Honda\/XRE vermelha, com dois ocupantes, foi avistada e durante tentativa de abordagem o condutor fugiu em alta velocidade pelas ruas do Bairro Ana Carrara. Durante a fuga, o carona caiu do ve\u00edculo e imediatamente foi abordado. Ainda segundo a Pol\u00edcia Militar, com ele foi apreendida uma sacola pl\u00e1stica contendo uma por\u00e7\u00e3o expressiva de coca\u00edna, que estava dentro de sua cueca. O indiv\u00edduo, de 47 anos, com passagens por tr\u00e1fico, relatou para a PM que o condutor da moto, um homem de 40 anos, teria lhe entregue a sacola sem que ele soubesse o seu conte\u00fado. Uma dilig\u00eancia em busca do suspeito foi realizada, localizando o indiv\u00edduo em frente a sua resid\u00eancia. Ap\u00f3s a abordagem, com ele foi apreendida a quantia de R$ 1.098,00 em dinheiro. O elemento alegou que n\u00e3o teria respeitado a ordem de parada dos militares por n\u00e3o estar de posse do documento da moto.\u00a0O ve\u00edculo n\u00e3o foi encontrado e de acordo com a pol\u00edcia, contra ele existem diversas den\u00fancias de tr\u00e1fico de drogas al\u00e9m do mesmo j\u00e1 ter cumprido pena pelo mesmo crime no Pres\u00eddio de Cataguases.<\/p>\n<p>Os dois homens foram presos e conduzidos para a Delegacia de Pol\u00edcia Civil em Leopoldina onde tiveram o flagrante ratificado pelo delegado de plant\u00e3o.<\/p>\n<p>Participaram da a\u00e7\u00e3o\u00a0militares da Equipe T\u00e1tico M\u00f3vel com o apoio da RP Norte e do Comandante do 1\u00b0 Pelot\u00e3o da 146\u00b0 Cia de Cataguases.<\/p>\n<p>Fonte: O Vigilante Online<\/p>\n","protected":false},"excerpt":{"rendered":"<p>A Pol\u00edcia Militar prendeu dois homens suspeitos de tr\u00e1fico de drogas ap\u00f3s uma abordagem realizada no bairro Ana Carrara, em Cataguases. A a\u00e7\u00e3o aconteceu nesta quarta-feira, 25, ap\u00f3s informa\u00e7\u00f5es an\u00f4nimas de que os dois indiv\u00edduos, j\u00e1 com passagens pela pol\u00edcia, estariam transportando drogas em uma motocicleta. Segundo a PM, uma motocicleta Honda\/XRE vermelha, com dois [&hellip;]<\/p>\n","protected":false},"author":96,"featured_media":98268,"comment_status":"closed","ping_status":"closed","sticky":false,"template":"","format":"standard","meta":{"footnotes":""},"categories":[252],"tags":[],"class_list":["post-98267","post","type-post","status-publish","format-standard","has-post-thumbnail","hentry","category-regiao"],"_links":{"self":[{"href":"https:\/\/diarioregionaldigital.com.br\/index.php?rest_route=\/wp\/v2\/posts\/98267","targetHints":{"allow":["GET"]}}],"collection":[{"href":"https:\/\/diarioregionaldigital.com.br\/index.php?rest_route=\/wp\/v2\/posts"}],"about":[{"href":"https:\/\/diarioregionaldigital.com.br\/index.php?rest_route=\/wp\/v2\/types\/post"}],"author":[{"embeddable":true,"href":"https:\/\/diarioregionaldigital.com.br\/index.php?rest_route=\/wp\/v2\/users\/96"}],"replies":[{"embeddable":true,"href":"https:\/\/diarioregionaldigital.com.br\/index.php?rest_route=%2Fwp%2Fv2%2Fcomments&post=98267"}],"version-history":[{"count":0,"href":"https:\/\/diarioregionaldigital.com.br\/index.php?rest_route=\/wp\/v2\/posts\/98267\/revisions"}],"wp:featuredmedia":[{"embeddable":true,"href":"https:\/\/diarioregionaldigital.com.br\/index.php?rest_route=\/wp\/v2\/media\/98268"}],"wp:attachment":[{"href":"https:\/\/diarioregionaldigital.com.br\/index.php?rest_route=%2Fwp%2Fv2%2Fmedia&parent=98267"}],"wp:term":[{"taxonomy":"category","embeddable":true,"href":"https:\/\/diarioregionaldigital.com.br\/index.php?rest_route=%2Fwp%2Fv2%2Fcategories&post=98267"},{"taxonomy":"post_tag","embeddable":true,"href":"https:\/\/diarioregionaldigital.com.br\/index.php?rest_route=%2Fwp%2Fv2%2Ftags&post=98267"}],"curies":[{"name":"wp","href":"https:\/\/api.w.org\/{rel}","templated":true}]}}