{"id":98261,"date":"2018-04-26T09:28:58","date_gmt":"2018-04-26T12:28:58","guid":{"rendered":"http:\/\/diarioregionaljf.com.br\/?p=98261"},"modified":"2018-04-26T12:05:45","modified_gmt":"2018-04-26T15:05:45","slug":"bombeiros-realizam-operacao-alerta-vermelho-em-comercios-da-cidade","status":"publish","type":"post","link":"https:\/\/diarioregionaldigital.com.br\/?p=98261","title":{"rendered":"Bombeiros realizam Opera\u00e7\u00e3o \u201cAlerta Vermelho\u201d em com\u00e9rcios da cidade"},"content":{"rendered":"<p>Corpo de Bombeiros Militar de Minas Gerais realizam na manh\u00e3 desta quinta-feira, 26, mais uma etapa da Opera\u00e7\u00e3o &#8220;Alerta Vermelho&#8221;.<\/p>\n<p>Em Juiz de Fora, os militares do Quarto Batalh\u00e3o de Bombeiros Militar ir\u00e3o vistoriar os estabelecimentos comerciais e prestadores de servi\u00e7os localizados na regi\u00e3o da Cidade Alta. A a\u00e7\u00e3o que faz parte do ciclo de Prote\u00e7\u00e3o e Defesa Civil, miss\u00e3o constitucional do CBMMG, por meio de a\u00e7\u00f5es de Gest\u00e3o de Riscos de Desastres de Inc\u00eandio Urbano (GRD) ocorrer\u00e1 simultaneamente nas cidades de Ub\u00e1, Muria\u00e9, Leopoldina, Vi\u00e7osa e em outras regi\u00f5es do Estado.<\/p>\n<p>Durante a atividade, os bombeiros repassar\u00e3o aos propriet\u00e1rios e funcion\u00e1rios dos estabelecimentos vistoriados o conhecimento da legisla\u00e7\u00e3o e orientar\u00e3o os mesmos sobre as medidas preventivas para a redu\u00e7\u00e3o do risco de inc\u00eandios e acidentes nestes locais.<\/p>\n<p>Em Juiz de Fora, o Posto de Comando ser\u00e1 montado no p\u00e1tio da Escola Municipal Tancredo Neves, localizada na Rua Jos\u00e9 Louren\u00e7o Kelmer, n\u00ba 1433 Bairro Cidade Universit\u00e1ria, e a opera\u00e7\u00e3o ocorrer\u00e1 das 08:30 hs \u00e0s 11:00 horas.<\/p>\n<p>Nesta etapa, a a\u00e7\u00e3o tem como foco o car\u00e1ter educativo, sem aplica\u00e7\u00e3o de penalidades previstas em lei. A ideia \u00e9 verificar se os com\u00e9rcios possuem equipamentos de seguran\u00e7a contra inc\u00eandio e p\u00e2nico, ensinar os comerciantes a utiliz\u00e1-los corretamente e incentiv\u00e1-los a se adequar \u00e0 legisla\u00e7\u00e3o estadual.<\/p>\n<p>Em Juiz de Fora est\u00e3o participando da Opera\u00e7\u00e3o 15 equipes, sendo 44 militares e sete viaturas.<\/p>\n<p>Ao todo foram 127 estabelecimentos vistoriados. Destes, 12 encontram-se em situa\u00e7\u00e3o regular junto ao Corpo de Bombeiros e 115 em situa\u00e7\u00e3o irregular.<\/p>\n<p><img loading=\"lazy\" decoding=\"async\" class=\"alignnone wp-image-98262\" src=\"http:\/\/diarioregionaljf.com.br\/wp-content\/uploads\/2018\/04\/opalerta-300x168.jpeg\" alt=\"\" width=\"389\" height=\"218\" srcset=\"https:\/\/diarioregionaldigital.com.br\/wp-content\/uploads\/2018\/04\/opalerta-300x168.jpeg 300w, https:\/\/diarioregionaldigital.com.br\/wp-content\/uploads\/2018\/04\/opalerta-768x431.jpeg 768w, https:\/\/diarioregionaldigital.com.br\/wp-content\/uploads\/2018\/04\/opalerta-1024x575.jpeg 1024w, https:\/\/diarioregionaldigital.com.br\/wp-content\/uploads\/2018\/04\/opalerta-360x202.jpeg 360w, https:\/\/diarioregionaldigital.com.br\/wp-content\/uploads\/2018\/04\/opalerta.jpeg 1040w\" sizes=\"auto, (max-width: 389px) 100vw, 389px\" \/><\/p>\n<p><img loading=\"lazy\" decoding=\"async\" class=\"alignnone wp-image-98263\" src=\"http:\/\/diarioregionaljf.com.br\/wp-content\/uploads\/2018\/04\/opalertaver-300x169.jpeg\" alt=\"\" width=\"391\" height=\"220\" srcset=\"https:\/\/diarioregionaldigital.com.br\/wp-content\/uploads\/2018\/04\/opalertaver-300x169.jpeg 300w, https:\/\/diarioregionaldigital.com.br\/wp-content\/uploads\/2018\/04\/opalertaver-768x432.jpeg 768w, https:\/\/diarioregionaldigital.com.br\/wp-content\/uploads\/2018\/04\/opalertaver-1024x576.jpeg 1024w, https:\/\/diarioregionaldigital.com.br\/wp-content\/uploads\/2018\/04\/opalertaver-360x203.jpeg 360w, https:\/\/diarioregionaldigital.com.br\/wp-content\/uploads\/2018\/04\/opalertaver.jpeg 1280w\" sizes=\"auto, (max-width: 391px) 100vw, 391px\" \/><\/p>\n<p>Fonte: Corpo de Bombeiros<\/p>\n","protected":false},"excerpt":{"rendered":"<p>Corpo de Bombeiros Militar de Minas Gerais realizam na manh\u00e3 desta quinta-feira, 26, mais uma etapa da Opera\u00e7\u00e3o &#8220;Alerta Vermelho&#8221;. Em Juiz de Fora, os militares do Quarto Batalh\u00e3o de Bombeiros Militar ir\u00e3o vistoriar os estabelecimentos comerciais e prestadores de servi\u00e7os localizados na regi\u00e3o da Cidade Alta. A a\u00e7\u00e3o que faz parte do ciclo de [&hellip;]<\/p>\n","protected":false},"author":96,"featured_media":98264,"comment_status":"closed","ping_status":"closed","sticky":false,"template":"","format":"standard","meta":{"footnotes":""},"categories":[253,436,439],"tags":[],"class_list":["post-98261","post","type-post","status-publish","format-standard","has-post-thumbnail","hentry","category-cidade","category-destaque-da-semana","category-ultima-hora"],"_links":{"self":[{"href":"https:\/\/diarioregionaldigital.com.br\/index.php?rest_route=\/wp\/v2\/posts\/98261","targetHints":{"allow":["GET"]}}],"collection":[{"href":"https:\/\/diarioregionaldigital.com.br\/index.php?rest_route=\/wp\/v2\/posts"}],"about":[{"href":"https:\/\/diarioregionaldigital.com.br\/index.php?rest_route=\/wp\/v2\/types\/post"}],"author":[{"embeddable":true,"href":"https:\/\/diarioregionaldigital.com.br\/index.php?rest_route=\/wp\/v2\/users\/96"}],"replies":[{"embeddable":true,"href":"https:\/\/diarioregionaldigital.com.br\/index.php?rest_route=%2Fwp%2Fv2%2Fcomments&post=98261"}],"version-history":[{"count":0,"href":"https:\/\/diarioregionaldigital.com.br\/index.php?rest_route=\/wp\/v2\/posts\/98261\/revisions"}],"wp:featuredmedia":[{"embeddable":true,"href":"https:\/\/diarioregionaldigital.com.br\/index.php?rest_route=\/wp\/v2\/media\/98264"}],"wp:attachment":[{"href":"https:\/\/diarioregionaldigital.com.br\/index.php?rest_route=%2Fwp%2Fv2%2Fmedia&parent=98261"}],"wp:term":[{"taxonomy":"category","embeddable":true,"href":"https:\/\/diarioregionaldigital.com.br\/index.php?rest_route=%2Fwp%2Fv2%2Fcategories&post=98261"},{"taxonomy":"post_tag","embeddable":true,"href":"https:\/\/diarioregionaldigital.com.br\/index.php?rest_route=%2Fwp%2Fv2%2Ftags&post=98261"}],"curies":[{"name":"wp","href":"https:\/\/api.w.org\/{rel}","templated":true}]}}