{"id":98258,"date":"2018-04-26T09:11:40","date_gmt":"2018-04-26T12:11:40","guid":{"rendered":"http:\/\/diarioregionaljf.com.br\/?p=98258"},"modified":"2018-04-26T09:11:40","modified_gmt":"2018-04-26T12:11:40","slug":"vacinacao-de-bovinos-e-bufalos-contra-a-febre-aftosa-comeca-dia-1o-de-maio","status":"publish","type":"post","link":"https:\/\/diarioregionaldigital.com.br\/?p=98258","title":{"rendered":"Vacina\u00e7\u00e3o de bovinos e b\u00fafalos contra a febre aftosa come\u00e7a dia 1\u00ba de maio"},"content":{"rendered":"<p>Come\u00e7a na pr\u00f3xima ter\u00e7a-feira, 1\u00ba de maio, a primeira etapa anual de vacina\u00e7\u00e3o contra a febre aftosa em Minas Gerais. Produtores rurais ter\u00e3o at\u00e9 31 de maio para vacinar bovinos e bubalinos, independentemente da idade. O\u00a0<a href=\"http:\/\/www.ima.mg.gov.br\/\" target=\"_blank\" rel=\"noopener\">Instituto Mineiro de Agropecu\u00e1ria (IMA)<\/a>, vinculado \u00e0\u00a0<a href=\"http:\/\/www.agricultura.mg.gov.br\/\" target=\"_blank\" rel=\"noopener\">Secretaria de Estado de Agricultura, Pecu\u00e1ria e Abastecimento (Seapa)\u00a0<\/a>\u00e9 o \u00f3rg\u00e3o respons\u00e1vel pela gest\u00e3o da campanha de vacina\u00e7\u00e3o em Minas Gerais e estima que dever\u00e3o ser vacinados cerca de 23,6 milh\u00f5es de animais.<\/p>\n<p>A vacina\u00e7\u00e3o do rebanho permanece obrigat\u00f3ria e \u00e9 a principal forma de se prevenir contra a doen\u00e7a. O produtor que n\u00e3o vacinar os animais estar\u00e1 sujeito a multa de 25 Unidades Fiscais do Estado de Minas Gerais (Ufemgs) por animal, o equivalente a R$ 81,25 por cabe\u00e7a.<\/p>\n<p>O m\u00eas de maio traz uma boa not\u00edcia para os pecuaristas de todo o pa\u00eds. Naquele m\u00eas, a Organiza\u00e7\u00e3o Mundial de Sa\u00fade Animal (OIE) ir\u00e1 certificar como \u00e1rea livre de aftosa com vacina\u00e7\u00e3o os estados do Amap\u00e1, Amazonas, Roraima e a parte restante do Par\u00e1, \u00faltimas regi\u00f5es que ainda n\u00e3o eram certificadas no pa\u00eds.<\/p>\n<p>Com isso, todo o territ\u00f3rio brasileiro ter\u00e1 o status de \u00e1rea livre de aftosa com vacina\u00e7\u00e3o, o que impulsionar\u00e1 as exporta\u00e7\u00f5es brasileiras de carne bovina, animais vivos e produtos da bovinocultura em geral.<\/p>\n<p>Minas Gerais possui o segundo maior rebanho nacional de bovinos, com cerca de 23,6 milh\u00f5es de animais e det\u00e9m o status de \u00e1rea livre de aftosa com vacina\u00e7\u00e3o desde 2008, concedido pela OIE. Em 2017, o estado ocupou o quarto lugar no ranking nacional das exporta\u00e7\u00f5es de carne bovina com US$ 598 milh\u00f5es, ou 10% do total nacional.<\/p>\n<p>A China \u00e9 o principal comprador do produto mineiro, com 41,4% do total das vendas externas. Atualmente, o Brasil \u00e9 o terceiro maior exportador mundial de carne bovina, com receita de US$ 1,6 bilh\u00e3o no primeiro trimestre deste ano, aumento de 22,9% em rela\u00e7\u00e3o ao mesmo per\u00edodo de 2017, quando o pa\u00eds alcan\u00e7ou faturamento de US$ 1,3 bilh\u00e3o, de acordo com dados da Seapa.<\/p>\n<p>O diretor-geral do IMA Marc\u00edlio de Sousa Magalh\u00e3es lembra que a vacina\u00e7\u00e3o \u00e9 fundamental para manter o rebanho sadio e livre de focos da doen\u00e7a. \u201c\u00c9 fundamental continuar imunizando os rebanhos, principalmente tendo em vista que o Minist\u00e9rio da Agricultura planeja retirar a vacina\u00e7\u00e3o at\u00e9 2021. Para isso, continuamos contando com a parceria dos produtores e das entidades representativas do setor para que todo o rebanho seja vacinado e, com isso, o estado continue livre da doen\u00e7a\u201d.<\/p>\n<p><strong>Cuidados com a vacina\u00e7\u00e3o<\/strong><\/p>\n<p>Para garantir a efic\u00e1cia da imuniza\u00e7\u00e3o dos animais, o gerente de Defesa Sanit\u00e1ria Animal do IMA, Guilherme Costa Negro Dias, explica que s\u00e3o importantes alguns cuidados em todo o processo. \u201cA vacina deve ser adquirida em estabelecimento credenciado para a revenda e conservada em temperatura entre dois e oito graus cent\u00edgrados do momento da compra at\u00e9 a vacina\u00e7\u00e3o dos animais. Para conservar as vacinas os produtores dever\u00e3o manter a seringa j\u00e1 com as doses para aplica\u00e7\u00e3o em caixa de isopor com gelo. Recomenda-se tamb\u00e9m programar a aplica\u00e7\u00e3o para os hor\u00e1rios mais frescos do dia\u201d, diz.<\/p>\n<p><strong>Declara\u00e7\u00e3o<\/strong><\/p>\n<p>A declara\u00e7\u00e3o de vacina\u00e7\u00e3o tamb\u00e9m \u00e9 obrigat\u00f3ria e o produtor que n\u00e3o o fizer at\u00e9 o dia 10 de junho poder\u00e1 receber multa de cinco Ufemgs, o equivalente a R$ 16,25 por cabe\u00e7a. O IMA estabelece que os produtores rurais propriet\u00e1rios de 150 ou mais bovinos ou bubalinos dever\u00e3o declarar a vacina\u00e7\u00e3o do seu rebanho contra a febre aftosa exclusivamente por meio do site\u00a0<a href=\"http:\/\/www.ima.mg.gov.br\/\" target=\"_blank\" rel=\"noopener\">www.ima.mg.gov.br<\/a>.<\/p>\n<p>A declara\u00e7\u00e3o de vacina\u00e7\u00e3o do gado para produtores com plantel de at\u00e9 150 animais ainda poder\u00e1 ser feita presencialmente no IMA, ou tamb\u00e9m via internet. Minas Gerais possui 389 mil produtores rurais, sendo que 206 mil destes s\u00e3o pequenos produtores com rebanhos de at\u00e9 25 animais.<\/p>\n<p><strong>A doen\u00e7a<\/strong><\/p>\n<p>A febre aftosa \u00e9 uma doen\u00e7a causada por um v\u00edrus, altamente contagiosa e que pode trazer grandes preju\u00edzos econ\u00f4micos para os produtores, pois afeta o com\u00e9rcio internacional e os impedimentos podem causar grandes preju\u00edzos econ\u00f4micos, principalmente em pa\u00edses como o Brasil que possuem uma exporta\u00e7\u00e3o bastante expressiva de produtos pecu\u00e1rios.<\/p>\n<p>A doen\u00e7a \u00e9 transmitida pela saliva, nas aftas, no leite, no s\u00eamen, na urina e nas fezes dos animais doentes, e tamb\u00e9m pela \u00e1gua, ar, objetos e ambientes contaminados. O v\u00edrus ainda pode permanecer nas roupas e sapatos das pessoas que tiveram qualquer contato com os animais doentes.<\/p>\n<p>O animal doente pode apresentar febre, aftas na boca, les\u00f5es nas tetas e entre as unhas. Outros sinais s\u00e3o inquieta\u00e7\u00e3o, saliva\u00e7\u00e3o, babeira, dificuldade de mastigar e engolir alimentos e tremores, com queda na produ\u00e7\u00e3o de carne e leite. A febre aftosa n\u00e3o \u00e9 considerada uma zoonose, ou seja, n\u00e3o oferece risco de contaminar o homem nem pelo alimento e nem pelo contato com o animal.<\/p>\n<p>Fonte: Ag\u00eancia Minas<\/p>\n","protected":false},"excerpt":{"rendered":"<p>Come\u00e7a na pr\u00f3xima ter\u00e7a-feira, 1\u00ba de maio, a primeira etapa anual de vacina\u00e7\u00e3o contra a febre aftosa em Minas Gerais. Produtores rurais ter\u00e3o at\u00e9 31 de maio para vacinar bovinos e bubalinos, independentemente da idade. O\u00a0Instituto Mineiro de Agropecu\u00e1ria (IMA), vinculado \u00e0\u00a0Secretaria de Estado de Agricultura, Pecu\u00e1ria e Abastecimento (Seapa)\u00a0\u00e9 o \u00f3rg\u00e3o respons\u00e1vel pela gest\u00e3o [&hellip;]<\/p>\n","protected":false},"author":96,"featured_media":98259,"comment_status":"closed","ping_status":"closed","sticky":false,"template":"","format":"standard","meta":{"footnotes":""},"categories":[252],"tags":[],"class_list":["post-98258","post","type-post","status-publish","format-standard","has-post-thumbnail","hentry","category-regiao"],"_links":{"self":[{"href":"https:\/\/diarioregionaldigital.com.br\/index.php?rest_route=\/wp\/v2\/posts\/98258","targetHints":{"allow":["GET"]}}],"collection":[{"href":"https:\/\/diarioregionaldigital.com.br\/index.php?rest_route=\/wp\/v2\/posts"}],"about":[{"href":"https:\/\/diarioregionaldigital.com.br\/index.php?rest_route=\/wp\/v2\/types\/post"}],"author":[{"embeddable":true,"href":"https:\/\/diarioregionaldigital.com.br\/index.php?rest_route=\/wp\/v2\/users\/96"}],"replies":[{"embeddable":true,"href":"https:\/\/diarioregionaldigital.com.br\/index.php?rest_route=%2Fwp%2Fv2%2Fcomments&post=98258"}],"version-history":[{"count":0,"href":"https:\/\/diarioregionaldigital.com.br\/index.php?rest_route=\/wp\/v2\/posts\/98258\/revisions"}],"wp:featuredmedia":[{"embeddable":true,"href":"https:\/\/diarioregionaldigital.com.br\/index.php?rest_route=\/wp\/v2\/media\/98259"}],"wp:attachment":[{"href":"https:\/\/diarioregionaldigital.com.br\/index.php?rest_route=%2Fwp%2Fv2%2Fmedia&parent=98258"}],"wp:term":[{"taxonomy":"category","embeddable":true,"href":"https:\/\/diarioregionaldigital.com.br\/index.php?rest_route=%2Fwp%2Fv2%2Fcategories&post=98258"},{"taxonomy":"post_tag","embeddable":true,"href":"https:\/\/diarioregionaldigital.com.br\/index.php?rest_route=%2Fwp%2Fv2%2Ftags&post=98258"}],"curies":[{"name":"wp","href":"https:\/\/api.w.org\/{rel}","templated":true}]}}