{"id":98255,"date":"2018-04-26T09:06:17","date_gmt":"2018-04-26T12:06:17","guid":{"rendered":"http:\/\/diarioregionaljf.com.br\/?p=98255"},"modified":"2018-04-26T09:06:17","modified_gmt":"2018-04-26T12:06:17","slug":"pcmg-prende-suspeito-de-agressao-e-tentativa-de-homicidio-em-cataguases","status":"publish","type":"post","link":"https:\/\/diarioregionaldigital.com.br\/?p=98255","title":{"rendered":"PCMG prende suspeito de agress\u00e3o e tentativa de homic\u00eddio em Cataguases"},"content":{"rendered":"<p>A Pol\u00edcia Civil de Minas Gerais, por meio da 27\u00aa Delegacia de Pol\u00edcia Civil em Cataguases, realizou, nessa quarta-feira, 25, a pris\u00e3o de R.T.A., de 37 anos, investigado por homic\u00eddio tentado. De acordo com as investiga\u00e7\u00f5es, o crime, registrado no dia 23 de mar\u00e7o deste ano, aconteceu depois de uma discuss\u00e3o entre o investigado e a v\u00edtima. O suspeito teria se apoderado de uma arma de fogo, retornado ao local da briga e efetuado diversos disparos contra a v\u00edtima, que conseguiu fugir ilesa.<\/p>\n<p>Antes dos disparos, por\u00e9m, o investigado teria agredido a v\u00edtima com a arma de fogo utilizada no crime, desferindo coronhadas em sua boca. Com a agress\u00e3o, a v\u00edtima chegou a perder os dentes. Diante dos fatos, a PCMG representou pela pris\u00e3o tempor\u00e1ria de R.T.A., sendo a mesma decretada pelo Poder Judici\u00e1rio e cumprida. O suspeito foi encaminhado ao Sistema Prisional.<\/p>\n<p>Fonte: Assessoria \/ Pol\u00edcia Civil<\/p>\n","protected":false},"excerpt":{"rendered":"<p>A Pol\u00edcia Civil de Minas Gerais, por meio da 27\u00aa Delegacia de Pol\u00edcia Civil em Cataguases, realizou, nessa quarta-feira, 25, a pris\u00e3o de R.T.A., de 37 anos, investigado por homic\u00eddio tentado. De acordo com as investiga\u00e7\u00f5es, o crime, registrado no dia 23 de mar\u00e7o deste ano, aconteceu depois de uma discuss\u00e3o entre o investigado e [&hellip;]<\/p>\n","protected":false},"author":96,"featured_media":98256,"comment_status":"closed","ping_status":"closed","sticky":false,"template":"","format":"standard","meta":{"footnotes":""},"categories":[252],"tags":[],"class_list":["post-98255","post","type-post","status-publish","format-standard","has-post-thumbnail","hentry","category-regiao"],"_links":{"self":[{"href":"https:\/\/diarioregionaldigital.com.br\/index.php?rest_route=\/wp\/v2\/posts\/98255","targetHints":{"allow":["GET"]}}],"collection":[{"href":"https:\/\/diarioregionaldigital.com.br\/index.php?rest_route=\/wp\/v2\/posts"}],"about":[{"href":"https:\/\/diarioregionaldigital.com.br\/index.php?rest_route=\/wp\/v2\/types\/post"}],"author":[{"embeddable":true,"href":"https:\/\/diarioregionaldigital.com.br\/index.php?rest_route=\/wp\/v2\/users\/96"}],"replies":[{"embeddable":true,"href":"https:\/\/diarioregionaldigital.com.br\/index.php?rest_route=%2Fwp%2Fv2%2Fcomments&post=98255"}],"version-history":[{"count":0,"href":"https:\/\/diarioregionaldigital.com.br\/index.php?rest_route=\/wp\/v2\/posts\/98255\/revisions"}],"wp:featuredmedia":[{"embeddable":true,"href":"https:\/\/diarioregionaldigital.com.br\/index.php?rest_route=\/wp\/v2\/media\/98256"}],"wp:attachment":[{"href":"https:\/\/diarioregionaldigital.com.br\/index.php?rest_route=%2Fwp%2Fv2%2Fmedia&parent=98255"}],"wp:term":[{"taxonomy":"category","embeddable":true,"href":"https:\/\/diarioregionaldigital.com.br\/index.php?rest_route=%2Fwp%2Fv2%2Fcategories&post=98255"},{"taxonomy":"post_tag","embeddable":true,"href":"https:\/\/diarioregionaldigital.com.br\/index.php?rest_route=%2Fwp%2Fv2%2Ftags&post=98255"}],"curies":[{"name":"wp","href":"https:\/\/api.w.org\/{rel}","templated":true}]}}