{"id":98195,"date":"2018-04-25T18:33:49","date_gmt":"2018-04-25T21:33:49","guid":{"rendered":"http:\/\/diarioregionaljf.com.br\/?p=98195"},"modified":"2018-04-25T18:33:49","modified_gmt":"2018-04-25T21:33:49","slug":"jefferson-rodrigues-deixa-a-direcao-do-demlurb","status":"publish","type":"post","link":"https:\/\/diarioregionaldigital.com.br\/?p=98195","title":{"rendered":"Jefferson Rodrigues deixa a dire\u00e7\u00e3o do Demlurb"},"content":{"rendered":"<p>O prefeito de Juiz de Fora Ant\u00f4nio Almas (PSDB) publicou na tarde dessa quarta-feira, 25, em sua p\u00e1gina em uma rede social que recebeu oficialmente o pedido de exonera\u00e7\u00e3o do diretor geral do Departamento Municipal de Limpeza Urbana (Demlurb), Jefferson Rodrigues, que justificou motiva\u00e7\u00e3o particular para a decis\u00e3o.<\/p>\n<p>\u201cPara uma solu\u00e7\u00e3o de continuidade no trabalho realizado no departamento, estou nomeando Marcel Fernandes, que atualmente respondia pela diretoria administrativa da unidade. Agrade\u00e7o ao Jefferson por toda dedica\u00e7\u00e3o, com a certeza de que permaneceremos unidos no objetivo de uma cidade justa e com qualidade de vida\u201d, afirmou Almas na publica\u00e7\u00e3o.<\/p>\n<p>&nbsp;<\/p>\n<p><strong>MUDAN\u00c7AS NA EQUIPE DE GOVERNO <\/strong><\/p>\n<p>O tucano assumiu a Prefeitura de Juiz de Fora (PJF) no dia 6 de abril. No dia seguinte, foi publicado no Di\u00e1rio Oficial do Munic\u00edpio o pedido de exonera\u00e7\u00e3o do Jo\u00e3o de Matos, que at\u00e9 ent\u00e3o era titular na Secretaria de Desenvolvimento Econ\u00f4mico, Trabalho e Turismo (Sedettur).<\/p>\n<p>Na edi\u00e7\u00e3o do dia 10 de abril do documento, foi comunicado que o superintendente da Funda\u00e7\u00e3o Cultural Alfredo Ferreira Lage (Funalfa), R\u00f4mulo Veiga, responderia interinamente pela pasta at\u00e9 o novo secret\u00e1rio ser anunciado. Al\u00e9m disso, tamb\u00e9m foi anunciado que Abra\u00e3o Ribeiro deixaria o cargo de secret\u00e1rio de Desenvolvimento Social (SDS) e que Tammy Claret assumiria o posto.<\/p>\n<p>Abra\u00e3o Ribeiro e Jo\u00e3o de Matos tamb\u00e9m pediram para deixar o cargo, por\u00e9m as motiva\u00e7\u00f5es n\u00e3o foram reveladas.<\/p>\n<p>&nbsp;<\/p>\n","protected":false},"excerpt":{"rendered":"<p>O prefeito de Juiz de Fora Ant\u00f4nio Almas (PSDB) publicou na tarde dessa quarta-feira, 25, em sua p\u00e1gina em uma rede social que recebeu oficialmente o pedido de exonera\u00e7\u00e3o do diretor geral do Departamento Municipal de Limpeza Urbana (Demlurb), Jefferson Rodrigues, que justificou motiva\u00e7\u00e3o particular para a decis\u00e3o. \u201cPara uma solu\u00e7\u00e3o de continuidade no trabalho [&hellip;]<\/p>\n","protected":false},"author":96,"featured_media":98198,"comment_status":"closed","ping_status":"closed","sticky":false,"template":"","format":"standard","meta":{"footnotes":""},"categories":[253,440],"tags":[533,724,723,353],"class_list":["post-98195","post","type-post","status-publish","format-standard","has-post-thumbnail","hentry","category-cidade","category-destaques-do-dia","tag-demlurb","tag-diretor","tag-exoneracao","tag-pjf"],"_links":{"self":[{"href":"https:\/\/diarioregionaldigital.com.br\/index.php?rest_route=\/wp\/v2\/posts\/98195","targetHints":{"allow":["GET"]}}],"collection":[{"href":"https:\/\/diarioregionaldigital.com.br\/index.php?rest_route=\/wp\/v2\/posts"}],"about":[{"href":"https:\/\/diarioregionaldigital.com.br\/index.php?rest_route=\/wp\/v2\/types\/post"}],"author":[{"embeddable":true,"href":"https:\/\/diarioregionaldigital.com.br\/index.php?rest_route=\/wp\/v2\/users\/96"}],"replies":[{"embeddable":true,"href":"https:\/\/diarioregionaldigital.com.br\/index.php?rest_route=%2Fwp%2Fv2%2Fcomments&post=98195"}],"version-history":[{"count":0,"href":"https:\/\/diarioregionaldigital.com.br\/index.php?rest_route=\/wp\/v2\/posts\/98195\/revisions"}],"wp:featuredmedia":[{"embeddable":true,"href":"https:\/\/diarioregionaldigital.com.br\/index.php?rest_route=\/wp\/v2\/media\/98198"}],"wp:attachment":[{"href":"https:\/\/diarioregionaldigital.com.br\/index.php?rest_route=%2Fwp%2Fv2%2Fmedia&parent=98195"}],"wp:term":[{"taxonomy":"category","embeddable":true,"href":"https:\/\/diarioregionaldigital.com.br\/index.php?rest_route=%2Fwp%2Fv2%2Fcategories&post=98195"},{"taxonomy":"post_tag","embeddable":true,"href":"https:\/\/diarioregionaldigital.com.br\/index.php?rest_route=%2Fwp%2Fv2%2Ftags&post=98195"}],"curies":[{"name":"wp","href":"https:\/\/api.w.org\/{rel}","templated":true}]}}