{"id":98190,"date":"2018-04-25T18:33:24","date_gmt":"2018-04-25T21:33:24","guid":{"rendered":"http:\/\/diarioregionaljf.com.br\/?p=98190"},"modified":"2018-04-25T18:55:39","modified_gmt":"2018-04-25T21:55:39","slug":"conecta-o-futuro-do-empreendedorismo-junior-de-juiz-forano-reunido-mais-uma-vez","status":"publish","type":"post","link":"https:\/\/diarioregionaldigital.com.br\/?p=98190","title":{"rendered":"Conecta: O futuro do empreendedorismo j\u00fanior de juiz-forano reunido mais uma vez"},"content":{"rendered":"<p>No dia 24 de fevereiro, organizado pela Liga das Empresas Juniores de Juiz de Fora, aconteceu o Conecta \u2013 Confer\u00eancia de Lideran\u00e7as da Liga, um evento voltado a capacita\u00e7\u00e3o \u00e0s lideran\u00e7as de diretores das empresas juniores da cidade.<\/p>\n<div class=\"mceTemp\"><\/div>\n<p>Com a presen\u00e7a da Federa\u00e7\u00e3o Mineira de Empresas Juniores (FEJEMG), da IClips e do conhecido coach, Phil MaGrath, o evento aconteceu durante todo o dia na Faculdade Universo e reuniu mais de 70 congressistas, todos movidos pelo mesmo prop\u00f3sito: trocar conhecimento apreendidos em suas realidades e se capacitar em lideran\u00e7a, para melhor comandar suas empresas e organiza\u00e7\u00f5es.<\/p>\n<p>Para dar in\u00edcio \u00e0 programa\u00e7\u00e3o, o Diretor Presidente da FEJEMG, Luiz Fernando Prado, conversou com os congressistas sobre \u201cConex\u00e3o entre l\u00edderes\u201d, trazendo a tona discuss\u00f5es e pautas como sinergia e sentimento de pertencimento.<\/p>\n<p>Em seguida, buscando trazer alinhamento entre empres\u00e1rios juniores e a inst\u00e2ncia municipal, o Diretor Vice Presidente da Liga, Matheus Diniz, apresentou parte do planejamento estrat\u00e9gico da organiza\u00e7\u00e3o para o ano de 2018 e atuou em conjunto dos congressistas para a cria\u00e7\u00e3o das metas que nortear\u00e3o as a\u00e7\u00f5es da organiza\u00e7\u00e3o durante todo o ano.<\/p>\n<div id=\"attachment_98193\" style=\"width: 1034px\" class=\"wp-caption aligncenter\"><img loading=\"lazy\" decoding=\"async\" aria-describedby=\"caption-attachment-98193\" class=\"wp-image-98193 size-large\" src=\"http:\/\/diarioregionaljf.com.br\/wp-content\/uploads\/2018\/04\/conecta-1024x768.jpeg?_t=1524691685\" alt=\"\" width=\"1024\" height=\"768\" srcset=\"https:\/\/diarioregionaldigital.com.br\/wp-content\/uploads\/2018\/04\/conecta-1024x768.jpeg 1024w, https:\/\/diarioregionaldigital.com.br\/wp-content\/uploads\/2018\/04\/conecta-300x225.jpeg 300w, https:\/\/diarioregionaldigital.com.br\/wp-content\/uploads\/2018\/04\/conecta-768x576.jpeg 768w, https:\/\/diarioregionaldigital.com.br\/wp-content\/uploads\/2018\/04\/conecta-360x270.jpeg 360w, https:\/\/diarioregionaldigital.com.br\/wp-content\/uploads\/2018\/04\/conecta.jpeg 1280w\" sizes=\"auto, (max-width: 1024px) 100vw, 1024px\" \/><p id=\"caption-attachment-98193\" class=\"wp-caption-text\"><em>Evento trouxe debates e capacita\u00e7\u00e3o \u2013 com grandes nomes do cen\u00e1rio nacional \u2013 \u00e0 lideran\u00e7a j\u00fanior na cidade. Foto: Divulga\u00e7\u00e3o<\/em><\/p><\/div>\n<p>Ap\u00f3s o almo\u00e7o, o Coach Executivo, Phil Magrath, trabalhou a quest\u00e3o do \u201cMindset para Lideran\u00e7a\u201d, uma forma de moldar os pensamentos e o comportamento para se atingir melhores resultados, quando se est\u00e1 \u00e0 frente de um grupo.<\/p>\n<p>Dando fim \u00e0 programa\u00e7\u00e3o, a iClips &#8211; parceira da Liga e desenvolvedora de softwares para ag\u00eancias de comunica\u00e7\u00e3o \u2013 botou em pauta a \u201cForma\u00e7\u00e3o de Equipes\u201d, tratando de assuntos delicados que envolvem as rela\u00e7\u00f5es interpessoais e dando dicas de postura diante de certos desafios.<\/p>\n<p>Ao final do Conecta, a satisfa\u00e7\u00e3o e a gana foram not\u00f3rias. L\u00edderes motivados em transformar o meio onde vivem e guiar \u00e0s pessoas da melhor forma poss\u00edvel. Foi um dia de muita aprendizagem, alinhamento e colabora\u00e7\u00e3o. Todos saem ganhando, contudo o maior vencedor \u00e9 Juiz de Fora.<\/p>\n<p style=\"text-align: center;\"><span style=\"font-size: 12pt;\"><strong>Sobre a Liga:<\/strong><\/span><br \/>\nCriada em 2001 com o prop\u00f3sito de auxiliar no crescimento das empresas juniores da cidade, a Liga representa o n\u00facleo regional de Juiz de Fora. Integrada por mais de 20 empresas, tem ganhado cada vez mais espa\u00e7o em \u00e2mbito estadual e nacional, devido aos excelentes resultados. S\u00f3 em 2017, a Liga realizou mais de 470 projetos e por meio deles, teve mais de 800 mil reais investidos na educa\u00e7\u00e3o empreendedora dos universit\u00e1rios de Juiz de Fora.<\/p>\n<p>&nbsp;<\/p>\n<p style=\"text-align: center;\"><em>Liga das Empresas Juniores de Juiz de Fora<\/em><br \/>\n<em>Diretor de Comunica\u00e7\u00e3o \u2013 Rubens Brandi<\/em><br \/>\n<em>comunicacaoligaufjf@gmail.com<\/em><br \/>\n<em>facebook.com\/ligadasempresasjunioresdejuizdefora<\/em><\/p>\n","protected":false},"excerpt":{"rendered":"<p>No dia 24 de fevereiro, organizado pela Liga das Empresas Juniores de Juiz de Fora, aconteceu o Conecta \u2013 Confer\u00eancia de Lideran\u00e7as da Liga, um evento voltado a capacita\u00e7\u00e3o \u00e0s lideran\u00e7as de diretores das empresas juniores da cidade. Com a presen\u00e7a da Federa\u00e7\u00e3o Mineira de Empresas Juniores (FEJEMG), da IClips e do conhecido coach, Phil [&hellip;]<\/p>\n","protected":false},"author":96,"featured_media":98196,"comment_status":"closed","ping_status":"closed","sticky":false,"template":"","format":"standard","meta":{"footnotes":""},"categories":[434,442],"tags":[],"class_list":["post-98190","post","type-post","status-publish","format-standard","has-post-thumbnail","hentry","category-blog","category-espaco-consultoria"],"_links":{"self":[{"href":"https:\/\/diarioregionaldigital.com.br\/index.php?rest_route=\/wp\/v2\/posts\/98190","targetHints":{"allow":["GET"]}}],"collection":[{"href":"https:\/\/diarioregionaldigital.com.br\/index.php?rest_route=\/wp\/v2\/posts"}],"about":[{"href":"https:\/\/diarioregionaldigital.com.br\/index.php?rest_route=\/wp\/v2\/types\/post"}],"author":[{"embeddable":true,"href":"https:\/\/diarioregionaldigital.com.br\/index.php?rest_route=\/wp\/v2\/users\/96"}],"replies":[{"embeddable":true,"href":"https:\/\/diarioregionaldigital.com.br\/index.php?rest_route=%2Fwp%2Fv2%2Fcomments&post=98190"}],"version-history":[{"count":0,"href":"https:\/\/diarioregionaldigital.com.br\/index.php?rest_route=\/wp\/v2\/posts\/98190\/revisions"}],"wp:featuredmedia":[{"embeddable":true,"href":"https:\/\/diarioregionaldigital.com.br\/index.php?rest_route=\/wp\/v2\/media\/98196"}],"wp:attachment":[{"href":"https:\/\/diarioregionaldigital.com.br\/index.php?rest_route=%2Fwp%2Fv2%2Fmedia&parent=98190"}],"wp:term":[{"taxonomy":"category","embeddable":true,"href":"https:\/\/diarioregionaldigital.com.br\/index.php?rest_route=%2Fwp%2Fv2%2Fcategories&post=98190"},{"taxonomy":"post_tag","embeddable":true,"href":"https:\/\/diarioregionaldigital.com.br\/index.php?rest_route=%2Fwp%2Fv2%2Ftags&post=98190"}],"curies":[{"name":"wp","href":"https:\/\/api.w.org\/{rel}","templated":true}]}}