{"id":98184,"date":"2018-04-25T17:59:53","date_gmt":"2018-04-25T20:59:53","guid":{"rendered":"http:\/\/diarioregionaljf.com.br\/?p=98184"},"modified":"2018-04-25T17:59:53","modified_gmt":"2018-04-25T20:59:53","slug":"ccj-aprova-punicao-mais-rigorosa-para-presos-em-fuga","status":"publish","type":"post","link":"https:\/\/diarioregionaldigital.com.br\/?p=98184","title":{"rendered":"CCJ aprova puni\u00e7\u00e3o mais rigorosa para presos em fuga"},"content":{"rendered":"<p>Presos envolvidos em rebeli\u00f5es que resultem em fuga poder\u00e3o ser punidos com mais rigor. Com esse intuito, a Comiss\u00e3o de Constitui\u00e7\u00e3o, Justi\u00e7a e Cidadania (CCJ) aprovou, nessa quarta-feira, 25, projeto do senador Raimundo Lira (PSD-PB) que endurece a pena aplicada a tais detentos. A proposta \u00e9 terminativa na comiss\u00e3o e segue para a C\u00e2mara dos Deputados, a n\u00e3o ser que haja recurso para an\u00e1lise em Plen\u00e1rio.<\/p>\n<p>O\u00a0PLS 157\/2016\u00a0aumenta a puni\u00e7\u00e3o prevista no C\u00f3digo Penal (Decreto-Lei 2.848\/1940) pela pr\u00e1tica de \u201cevas\u00e3o mediante viol\u00eancia contra a pessoa\u201d. Atualmente, o preso que tentar fugir ou facilitar a fuga dos demais, usando, para tanto, de atos de viol\u00eancia, poder\u00e1 ser condenado \u00e0 deten\u00e7\u00e3o de tr\u00eas meses a um ano. Poder\u00e1 ser punido ainda pela viol\u00eancia praticada.<\/p>\n<p>O projeto de Lira quer ampliar a pena de deten\u00e7\u00e3o para seis meses a dois anos, mantendo a puni\u00e7\u00e3o correspondente \u00e0 viol\u00eancia. Para o senador, a \u201csuavidade da reprimenda\u201d aplicada hoje acaba por estimular revoltas para fuga de presos. \u201c\u00c9 preciso que os detentos saibam que a fuga praticada com viol\u00eancia receber\u00e1 uma puni\u00e7\u00e3o mais severa\u201d, afirmou o autor do PLS 157\/2016.<\/p>\n<p>Em seu relat\u00f3rio favor\u00e1vel, Cidinho Santos (PR-MT) considerou ser \u201crealmente muito desproporcional\u201d a pena imposta aos presos fugitivos. Ele observou que a puni\u00e7\u00e3o \u00e9 id\u00eantica \u00e0 fixada pelo CP para o crime de difama\u00e7\u00e3o (ofender a reputa\u00e7\u00e3o de algu\u00e9m).<\/p>\n<p>\u201cAlgumas figuras t\u00edpicas do C\u00f3digo Penal apresentam penas em descompasso com a gravidade da conduta. O delito de evas\u00e3o mediante viol\u00eancia contra a pessoa revela-se cada vez mais frequente. Not\u00edcias de fugas s\u00e3o cotidianas, aterrorizando a sociedade e trazendo descr\u00e9dito \u00e0 Justi\u00e7a Criminal e o preso, quando apreendido, sequer \u00e9 punido adequadamente\u201d, comentou Cidinho.<\/p>\n<p>&nbsp;<\/p>\n<p>Fonte: Ag\u00eancia Senado<\/p>\n","protected":false},"excerpt":{"rendered":"<p>Presos envolvidos em rebeli\u00f5es que resultem em fuga poder\u00e3o ser punidos com mais rigor. Com esse intuito, a Comiss\u00e3o de Constitui\u00e7\u00e3o, Justi\u00e7a e Cidadania (CCJ) aprovou, nessa quarta-feira, 25, projeto do senador Raimundo Lira (PSD-PB) que endurece a pena aplicada a tais detentos. A proposta \u00e9 terminativa na comiss\u00e3o e segue para a C\u00e2mara dos [&hellip;]<\/p>\n","protected":false},"author":96,"featured_media":98185,"comment_status":"closed","ping_status":"closed","sticky":false,"template":"","format":"standard","meta":{"footnotes":""},"categories":[254],"tags":[444,722,632,445,640],"class_list":["post-98184","post","type-post","status-publish","format-standard","has-post-thumbnail","hentry","category-politica","tag-ccj","tag-fugitivo","tag-pena","tag-projeto-de-lei","tag-senado"],"_links":{"self":[{"href":"https:\/\/diarioregionaldigital.com.br\/index.php?rest_route=\/wp\/v2\/posts\/98184","targetHints":{"allow":["GET"]}}],"collection":[{"href":"https:\/\/diarioregionaldigital.com.br\/index.php?rest_route=\/wp\/v2\/posts"}],"about":[{"href":"https:\/\/diarioregionaldigital.com.br\/index.php?rest_route=\/wp\/v2\/types\/post"}],"author":[{"embeddable":true,"href":"https:\/\/diarioregionaldigital.com.br\/index.php?rest_route=\/wp\/v2\/users\/96"}],"replies":[{"embeddable":true,"href":"https:\/\/diarioregionaldigital.com.br\/index.php?rest_route=%2Fwp%2Fv2%2Fcomments&post=98184"}],"version-history":[{"count":0,"href":"https:\/\/diarioregionaldigital.com.br\/index.php?rest_route=\/wp\/v2\/posts\/98184\/revisions"}],"wp:featuredmedia":[{"embeddable":true,"href":"https:\/\/diarioregionaldigital.com.br\/index.php?rest_route=\/wp\/v2\/media\/98185"}],"wp:attachment":[{"href":"https:\/\/diarioregionaldigital.com.br\/index.php?rest_route=%2Fwp%2Fv2%2Fmedia&parent=98184"}],"wp:term":[{"taxonomy":"category","embeddable":true,"href":"https:\/\/diarioregionaldigital.com.br\/index.php?rest_route=%2Fwp%2Fv2%2Fcategories&post=98184"},{"taxonomy":"post_tag","embeddable":true,"href":"https:\/\/diarioregionaldigital.com.br\/index.php?rest_route=%2Fwp%2Fv2%2Ftags&post=98184"}],"curies":[{"name":"wp","href":"https:\/\/api.w.org\/{rel}","templated":true}]}}