{"id":98156,"date":"2018-04-25T17:26:00","date_gmt":"2018-04-25T20:26:00","guid":{"rendered":"http:\/\/diarioregionaljf.com.br\/?p=98156"},"modified":"2018-04-25T17:26:00","modified_gmt":"2018-04-25T20:26:00","slug":"settra-altera-circulacao-de-veiculos-em-ruas-do-bairro-bom-pastor","status":"publish","type":"post","link":"https:\/\/diarioregionaldigital.com.br\/?p=98156","title":{"rendered":"Settra altera circula\u00e7\u00e3o de ve\u00edculos em ruas do bairro Bom Pastor"},"content":{"rendered":"<p>Secretaria de Transporte e Tr\u00e2nsito (Settra) da Prefeitura de Juiz de Fora (PJF) alterar\u00e1 circula\u00e7\u00e3o de ve\u00edculos em ruas do bairro Bom Pastor, zona Sul. A partir das 9 horas desta quinta-feira, 26, ser\u00e1 implantada m\u00e3o \u00fanica de dire\u00e7\u00e3o na Rua Vereador Sadi Carnot, no trecho entre a Renato Dias e Doutor Jo\u00e3o Penido Filho, neste sentido. A mesma altera\u00e7\u00e3o acontecer\u00e1 na Doutor Jo\u00e3o Penido Filho, entre a Vereador Sadi Carnot e Doutor Jos\u00e9 Proc\u00f3pio Teixeira, tamb\u00e9m nesta dire\u00e7\u00e3o.<\/p>\n<p>Toda a sinaliza\u00e7\u00e3o ser\u00e1 readequada pela Secretaria. Agentes do Departamento de Fiscaliza\u00e7\u00e3o de Transporte e Tr\u00e2nsito (DFTT) monitorar\u00e3o a via durante os trabalhos. As modifica\u00e7\u00f5es ser\u00e3o feitas com intuito de dar mais seguran\u00e7a aos pedestres e fluidez no tr\u00e2nsito. Caso as condi\u00e7\u00f5es clim\u00e1ticas n\u00e3o estejam favor\u00e1veis, as mudan\u00e7as ser\u00e3o adiadas para o dia seguinte.<\/p>\n<p>&nbsp;<\/p>\n<p>Fonte: Assessoria<\/p>\n","protected":false},"excerpt":{"rendered":"<p>Secretaria de Transporte e Tr\u00e2nsito (Settra) da Prefeitura de Juiz de Fora (PJF) alterar\u00e1 circula\u00e7\u00e3o de ve\u00edculos em ruas do bairro Bom Pastor, zona Sul. A partir das 9 horas desta quinta-feira, 26, ser\u00e1 implantada m\u00e3o \u00fanica de dire\u00e7\u00e3o na Rua Vereador Sadi Carnot, no trecho entre a Renato Dias e Doutor Jo\u00e3o Penido Filho, [&hellip;]<\/p>\n","protected":false},"author":96,"featured_media":98091,"comment_status":"closed","ping_status":"closed","sticky":false,"template":"","format":"standard","meta":{"footnotes":""},"categories":[253,439],"tags":[716,719,717,353,718,527,459],"class_list":["post-98156","post","type-post","status-publish","format-standard","has-post-thumbnail","hentry","category-cidade","category-ultima-hora","tag-alteracao","tag-bom-pastor","tag-circulacao","tag-pjf","tag-ruas","tag-settra","tag-transito"],"_links":{"self":[{"href":"https:\/\/diarioregionaldigital.com.br\/index.php?rest_route=\/wp\/v2\/posts\/98156","targetHints":{"allow":["GET"]}}],"collection":[{"href":"https:\/\/diarioregionaldigital.com.br\/index.php?rest_route=\/wp\/v2\/posts"}],"about":[{"href":"https:\/\/diarioregionaldigital.com.br\/index.php?rest_route=\/wp\/v2\/types\/post"}],"author":[{"embeddable":true,"href":"https:\/\/diarioregionaldigital.com.br\/index.php?rest_route=\/wp\/v2\/users\/96"}],"replies":[{"embeddable":true,"href":"https:\/\/diarioregionaldigital.com.br\/index.php?rest_route=%2Fwp%2Fv2%2Fcomments&post=98156"}],"version-history":[{"count":0,"href":"https:\/\/diarioregionaldigital.com.br\/index.php?rest_route=\/wp\/v2\/posts\/98156\/revisions"}],"wp:featuredmedia":[{"embeddable":true,"href":"https:\/\/diarioregionaldigital.com.br\/index.php?rest_route=\/wp\/v2\/media\/98091"}],"wp:attachment":[{"href":"https:\/\/diarioregionaldigital.com.br\/index.php?rest_route=%2Fwp%2Fv2%2Fmedia&parent=98156"}],"wp:term":[{"taxonomy":"category","embeddable":true,"href":"https:\/\/diarioregionaldigital.com.br\/index.php?rest_route=%2Fwp%2Fv2%2Fcategories&post=98156"},{"taxonomy":"post_tag","embeddable":true,"href":"https:\/\/diarioregionaldigital.com.br\/index.php?rest_route=%2Fwp%2Fv2%2Ftags&post=98156"}],"curies":[{"name":"wp","href":"https:\/\/api.w.org\/{rel}","templated":true}]}}