{"id":97952,"date":"2018-04-24T10:26:00","date_gmt":"2018-04-24T13:26:00","guid":{"rendered":"http:\/\/diarioregionaljf.com.br\/?p=97952"},"modified":"2018-04-24T10:27:54","modified_gmt":"2018-04-24T13:27:54","slug":"policia-federal-faz-operacao-de-busca-no-congresso-nacional","status":"publish","type":"post","link":"https:\/\/diarioregionaldigital.com.br\/?p=97952","title":{"rendered":"Pol\u00edcia Federal faz opera\u00e7\u00e3o de busca no Congresso Nacional"},"content":{"rendered":"<p><span style=\"font-family: arial, helvetica, sans-serif;font-size: 12pt\">Agentes da Pol\u00edcia Federal fazem busca hoje, 24, em Bras\u00edlia, nos gabinetes do senador\u00a0 Ciro Nogueira (PI), presidente nacional do PP, e do deputado federal Eduardo da Fonte (PP-PE). A a\u00e7\u00e3o ocorre no Congresso Nacional. A PF ainda n\u00e3o divulgou detalhes sobre a opera\u00e7\u00e3o que come\u00e7ou antes das 7h.<\/span><\/p>\n<p><span style=\"font-family: arial, helvetica, sans-serif;font-size: 12pt\">O terceiro andar do anexo 1 do Senado e parte do sexto andar do anexo 4 da C\u00e2mara foram isolados pelos policiais. Eles tamb\u00e9m fazem busca na casa do senador.<\/span><\/p>\n<p><span style=\"font-family: arial, helvetica, sans-serif;font-size: 12pt\">O advogado de Ciro Nogueira, Ant\u00f4nio Carlos de Almeida Castro, disse \u00e0\u00a0<strong>Ag\u00eancia Brasil<\/strong>\u00a0que ainda est\u00e1 tentando mais informa\u00e7\u00f5es sobre a investiga\u00e7\u00e3o e que, no mandado de busca e apreens\u00e3o da Pol\u00edcia Federal, consta o termo &#8220;embara\u00e7o&#8221; \u00e0 Justi\u00e7a. O advogado informou que o senador est\u00e1 fora do Brasil.<\/span><\/p>\n<p><span style=\"font-family: arial, helvetica, sans-serif;font-size: 12pt\">A\u00a0<strong>Ag\u00eancia Brasil<\/strong>\u00a0ainda n\u00e3o conseguiu contato com as assessorias de imprensa do senador e do deputado Eduardo da Fonte.<\/span><\/p>\n<h2><span style=\"font-family: arial, helvetica, sans-serif;font-size: 12pt\"><strong>Advogado distribui nota<\/strong><\/span><\/h2>\n<p><span style=\"font-family: arial, helvetica, sans-serif;font-size: 12pt\">O advogado Antonio Carlos de Almeida Castro, que defende o senador Ciro Nogueira, distribuiu h\u00e1 pouco, em Bras\u00edlia, a seguinte nota: \u201cA Defesa do senador Ciro Nogueira est\u00e1 acompanhando as buscas que est\u00e3o sendo realizadas na resid\u00eancia e no gabinete do Senador. Esclarece que o senador se encontra fora do Brasil, n\u00e3o sabendo em qual pa\u00eds e que n\u00e3o foi poss\u00edvel ainda falar com ele. Desconhece a defesa, at\u00e9 o presente momento, as raz\u00f5es da determina\u00e7\u00e3o judicial do Ministro Fachin [do Supremo Tribunal Federal]. \u00c9 certo que o senador sempre se colocou \u00e0 disposi\u00e7\u00e3o do Poder Judici\u00e1rio, prestando depoimentos sempre que necess\u00e1rios e, inclusive, j\u00e1 foi alvo de busca e apreens\u00e3o. Continuar\u00e1 a agir o senador como o principal interessado no esclarecimento dos fatos. No momento, a defesa aguarda contato com o senador para poder ter o necess\u00e1rio instrumento de poderes que dar\u00e1 direito ao acesso aos fundamentos da medida de busca e apreens\u00e3o.\u201d<\/span><\/p>\n<p><span style=\"font-family: arial, helvetica, sans-serif;font-size: 12pt\">Fonte: Ag\u00eancia Brasil<\/span><\/p>\n","protected":false},"excerpt":{"rendered":"<p>Agentes da Pol\u00edcia Federal fazem busca hoje, 24, em Bras\u00edlia, nos gabinetes do senador\u00a0 Ciro Nogueira (PI), presidente nacional do PP, e do deputado federal Eduardo da Fonte (PP-PE). A a\u00e7\u00e3o ocorre no Congresso Nacional. A PF ainda n\u00e3o divulgou detalhes sobre a opera\u00e7\u00e3o que come\u00e7ou antes das 7h. O terceiro andar do anexo 1 [&hellip;]<\/p>\n","protected":false},"author":96,"featured_media":97956,"comment_status":"closed","ping_status":"closed","sticky":false,"template":"","format":"standard","meta":{"footnotes":""},"categories":[436,254,439],"tags":[],"class_list":["post-97952","post","type-post","status-publish","format-standard","has-post-thumbnail","hentry","category-destaque-da-semana","category-politica","category-ultima-hora"],"_links":{"self":[{"href":"https:\/\/diarioregionaldigital.com.br\/index.php?rest_route=\/wp\/v2\/posts\/97952","targetHints":{"allow":["GET"]}}],"collection":[{"href":"https:\/\/diarioregionaldigital.com.br\/index.php?rest_route=\/wp\/v2\/posts"}],"about":[{"href":"https:\/\/diarioregionaldigital.com.br\/index.php?rest_route=\/wp\/v2\/types\/post"}],"author":[{"embeddable":true,"href":"https:\/\/diarioregionaldigital.com.br\/index.php?rest_route=\/wp\/v2\/users\/96"}],"replies":[{"embeddable":true,"href":"https:\/\/diarioregionaldigital.com.br\/index.php?rest_route=%2Fwp%2Fv2%2Fcomments&post=97952"}],"version-history":[{"count":0,"href":"https:\/\/diarioregionaldigital.com.br\/index.php?rest_route=\/wp\/v2\/posts\/97952\/revisions"}],"wp:featuredmedia":[{"embeddable":true,"href":"https:\/\/diarioregionaldigital.com.br\/index.php?rest_route=\/wp\/v2\/media\/97956"}],"wp:attachment":[{"href":"https:\/\/diarioregionaldigital.com.br\/index.php?rest_route=%2Fwp%2Fv2%2Fmedia&parent=97952"}],"wp:term":[{"taxonomy":"category","embeddable":true,"href":"https:\/\/diarioregionaldigital.com.br\/index.php?rest_route=%2Fwp%2Fv2%2Fcategories&post=97952"},{"taxonomy":"post_tag","embeddable":true,"href":"https:\/\/diarioregionaldigital.com.br\/index.php?rest_route=%2Fwp%2Fv2%2Ftags&post=97952"}],"curies":[{"name":"wp","href":"https:\/\/api.w.org\/{rel}","templated":true}]}}