{"id":97943,"date":"2018-04-24T09:23:36","date_gmt":"2018-04-24T12:23:36","guid":{"rendered":"http:\/\/diarioregionaljf.com.br\/?p=97943"},"modified":"2018-04-24T09:23:36","modified_gmt":"2018-04-24T12:23:36","slug":"brasil-e-mais-5-paises-apelam-pelo-fim-dos-confrontos-na-nicaragua","status":"publish","type":"post","link":"https:\/\/diarioregionaldigital.com.br\/?p=97943","title":{"rendered":"Brasil e mais 5 pa\u00edses apelam pelo fim dos confrontos na Nicar\u00e1gua"},"content":{"rendered":"<p>Os governos do Brasil, da Argentina, Col\u00f4mbia, Chile, Paraguai e Peru divulgaram nessa segunda, 23, um documento em que apelaram para que todos os setores da sociedade da Nicar\u00e1gua cessem os confrontos no pa\u00eds. Em nota, os seis pa\u00edses informam estar preocupados e lamentam a onda de viol\u00eancia nos protestos.<\/p>\n<p>Nos \u00faltimos dias, manifesta\u00e7\u00f5es violentas marcaram embates nas principais cidades da Nicar\u00e1gua. Os n\u00fameros n\u00e3o oficiais indicam pelo menos 25 mortos e mais de 60 feridos. H\u00e1, ainda, desaparecidos.<\/p>\n<p>Os protestos s\u00e3o uma rea\u00e7\u00e3o \u00e0 reforma da previd\u00eancia promovida pelo governo de Daniel Ortega.<\/p>\n<p>Em nota, o Itamaraty presta solidariedade \u00e0s fam\u00edlias das v\u00edtimas. &#8220;Os governos de Argentina, Brasil, Col\u00f4mbia, Chile, Paraguai e Peru expressam sua preocupa\u00e7\u00e3o e lamentam os atos de viol\u00eancia ocorridos na Nicar\u00e1gua nos \u00faltimos dias, que causaram in\u00fameras mortes e feridos&#8221;, diz o documento.<\/p>\n<p>Em seguida, a nota informa que: [Brasil e demais pa\u00edses] expressam, igualmente, suas condol\u00eancias e solidariedade \u00e0s v\u00edtimas da viol\u00eancia e a seus familiares. Ao mesmo tempo, fazem apelo urgente a que todos os setores se abstenham do confronto e cessem os atos de for\u00e7a. Em particular, instam as autoridades de seguran\u00e7a a exercer suas prerrogativas com a m\u00e1xima prud\u00eancia para evitar o uso excessivo da for\u00e7a e a escalada da crise, permitindo a cria\u00e7\u00e3o de um clima que restabele\u00e7a a paz e o di\u00e1logo, essenciais para superar essa grave situa\u00e7\u00e3o.&#8221;<\/p>\n<p>Fonte: Ag\u00eancia Brasil<\/p>\n","protected":false},"excerpt":{"rendered":"<p>Os governos do Brasil, da Argentina, Col\u00f4mbia, Chile, Paraguai e Peru divulgaram nessa segunda, 23, um documento em que apelaram para que todos os setores da sociedade da Nicar\u00e1gua cessem os confrontos no pa\u00eds. Em nota, os seis pa\u00edses informam estar preocupados e lamentam a onda de viol\u00eancia nos protestos. Nos \u00faltimos dias, manifesta\u00e7\u00f5es violentas [&hellip;]<\/p>\n","protected":false},"author":96,"featured_media":97945,"comment_status":"closed","ping_status":"closed","sticky":false,"template":"","format":"standard","meta":{"footnotes":""},"categories":[302],"tags":[],"class_list":["post-97943","post","type-post","status-publish","format-standard","has-post-thumbnail","hentry","category-brasil-mundo"],"_links":{"self":[{"href":"https:\/\/diarioregionaldigital.com.br\/index.php?rest_route=\/wp\/v2\/posts\/97943","targetHints":{"allow":["GET"]}}],"collection":[{"href":"https:\/\/diarioregionaldigital.com.br\/index.php?rest_route=\/wp\/v2\/posts"}],"about":[{"href":"https:\/\/diarioregionaldigital.com.br\/index.php?rest_route=\/wp\/v2\/types\/post"}],"author":[{"embeddable":true,"href":"https:\/\/diarioregionaldigital.com.br\/index.php?rest_route=\/wp\/v2\/users\/96"}],"replies":[{"embeddable":true,"href":"https:\/\/diarioregionaldigital.com.br\/index.php?rest_route=%2Fwp%2Fv2%2Fcomments&post=97943"}],"version-history":[{"count":0,"href":"https:\/\/diarioregionaldigital.com.br\/index.php?rest_route=\/wp\/v2\/posts\/97943\/revisions"}],"wp:featuredmedia":[{"embeddable":true,"href":"https:\/\/diarioregionaldigital.com.br\/index.php?rest_route=\/wp\/v2\/media\/97945"}],"wp:attachment":[{"href":"https:\/\/diarioregionaldigital.com.br\/index.php?rest_route=%2Fwp%2Fv2%2Fmedia&parent=97943"}],"wp:term":[{"taxonomy":"category","embeddable":true,"href":"https:\/\/diarioregionaldigital.com.br\/index.php?rest_route=%2Fwp%2Fv2%2Fcategories&post=97943"},{"taxonomy":"post_tag","embeddable":true,"href":"https:\/\/diarioregionaldigital.com.br\/index.php?rest_route=%2Fwp%2Fv2%2Ftags&post=97943"}],"curies":[{"name":"wp","href":"https:\/\/api.w.org\/{rel}","templated":true}]}}