{"id":97941,"date":"2018-04-24T09:17:32","date_gmt":"2018-04-24T12:17:32","guid":{"rendered":"http:\/\/diarioregionaljf.com.br\/?p=97941"},"modified":"2018-04-24T09:17:32","modified_gmt":"2018-04-24T12:17:32","slug":"latino-americanos-renovam-compromisso-pelo-desenvolvimento-sustentavel","status":"publish","type":"post","link":"https:\/\/diarioregionaldigital.com.br\/?p=97941","title":{"rendered":"Latino-americanos renovam compromisso pelo desenvolvimento sustent\u00e1vel"},"content":{"rendered":"<p><span style=\"font-family: arial, helvetica, sans-serif;font-size: 12pt\">Pa\u00edses da Am\u00e9rica Latina e do Caribe firmaram novo compromisso para promover o desenvolvimento sustent\u00e1vel na regi\u00e3o e identificaram o combate \u00e0 pobreza, em especial \u00e0 pobreza extrema, como o maior desafio.<\/span><\/p>\n<p><span style=\"font-family: arial, helvetica, sans-serif;font-size: 12pt\">O compromisso est\u00e1 no\u00a0documento final\u00a0da 2<sup>a<\/sup>\u00a0Reuni\u00e3o do F\u00f3rum dos Pa\u00edses da Am\u00e9rica Latina e Caribe sobre Desenvolvimento Sustent\u00e1vel, que terminou\u00a0<span id=\"OBJ_PREFIX_DWT765_com_zimbra_date\" class=\"Object\" role=\"link\">sexta<\/span>-feira, 20, no Chile.\u00a0<\/span><\/p>\n<p>&nbsp;<\/p>\n<p><span style=\"font-family: arial, helvetica, sans-serif;font-size: 12pt\">Articulado pela Comiss\u00e3o Econ\u00f4mica para a regi\u00e3o (Cepal), o evento reuniu representantes de governos, empresas e organiza\u00e7\u00f5es da sociedade civil para discutir a\u00a0Agenda 2030, conjunto de metas elaborado em 2015 a partir dos Objetivos de Desenvolvimento Sustent\u00e1vel (ODS) da Organiza\u00e7\u00e3o das Na\u00e7\u00f5es Unidas (ONU) para promover maior inclus\u00e3o social nos continentes.<\/span><\/p>\n<p>&nbsp;<\/p>\n<p><span style=\"font-family: arial, helvetica, sans-serif;font-size: 12pt\">A Agenda 2030 trabalha com 17 objetivos, entre os quais, erradica\u00e7\u00e3o da pobreza; fome zero e agricultura sustent\u00e1vel; sa\u00fade e bem-estar; educa\u00e7\u00e3o de qualidade; igualdade de g\u00eanero; \u00e1gua pot\u00e1vel e saneamento; energia acess\u00edvel e limpa; trabalho decente e crescimento econ\u00f4mico e ind\u00fastria, inova\u00e7\u00e3o e infraestrutura, consumo e produ\u00e7\u00e3o respons\u00e1veis e redu\u00e7\u00e3o das desigualdades.<\/span><\/p>\n<p>&nbsp;<\/p>\n<p><span style=\"font-family: arial, helvetica, sans-serif;font-size: 12pt\"><strong>Pobreza e desigualdades<\/strong><\/span><\/p>\n<p>&nbsp;<\/p>\n<p><span style=\"font-family: arial, helvetica, sans-serif;font-size: 12pt\">\u201cConsiderando as dificuldades da regi\u00e3o para alcan\u00e7ar o desenvolvimento sustent\u00e1vel, em particular, a pobreza, as desigualdades, a elevada d\u00edvida global e a redu\u00e7\u00e3o dos n\u00edveis de coopera\u00e7\u00e3o internacional, destacamos a necessidade de acelerar tanto o ritmo de implementa\u00e7\u00e3o quanto o de conscientiza\u00e7\u00e3o sobre os ODS em todos os n\u00edveis\u201d, destaca o documento.<\/span><\/p>\n<p>&nbsp;<\/p>\n<p><span style=\"font-family: arial, helvetica, sans-serif;font-size: 12pt\">Segundo\u00a0estudo da Cepal\u00a0divulgado no evento, no ano passado, ainda havia 187 milh\u00f5es de pessoas em situa\u00e7\u00e3o de pobreza, sendo 62 milh\u00f5es em pobreza extrema.<\/span><\/p>\n<p>&nbsp;<\/p>\n<p><span style=\"font-family: arial, helvetica, sans-serif;font-size: 12pt\">Mesmo nos pa\u00edses de renda mais elevada, a desigualdade segue como um fen\u00f4meno recorrente na regi\u00e3o. As melhoras ocorridas na economia mundial n\u00e3o teriam chegado a todos os setores. De acordo com o estudo, a supera\u00e7\u00e3o desse quadro estaria na majora\u00e7\u00e3o de investimentos em pol\u00edticas sociais e na amplia\u00e7\u00e3o das oportunidades.<\/span><\/p>\n<p>&nbsp;<\/p>\n<p><span style=\"font-family: arial, helvetica, sans-serif;font-size: 12pt\">Outra tem\u00e1tica considerada importante para o cumprimento da Agenda 2030 \u00e9 a igualdade de g\u00eanero e o empoderamento das mulheres. \u201cRecomendamos maior integra\u00e7\u00e3o do enfoque de g\u00eanero nas pol\u00edticas e estrat\u00e9gias nacionais de desenvolvimento sustent\u00e1vel\u201d, sugere o relat\u00f3rio final do encontro.<\/span><\/p>\n<p>&nbsp;<\/p>\n<p><span style=\"font-family: arial, helvetica, sans-serif;font-size: 12pt\"><strong>Recursos naturais<\/strong><\/span><\/p>\n<p>&nbsp;<\/p>\n<p><span style=\"font-family: arial, helvetica, sans-serif;font-size: 12pt\">Ainda conforme as conclus\u00f5es do evento, o crescimento e a oferta de servi\u00e7os p\u00fablicos, como saneamento e energia, devem estar combinados com a preserva\u00e7\u00e3o do meio ambiente. \u201cReconhecemos a necessidade de promover uma mudan\u00e7a estrutural progressiva rumo a um desenvolvimento sustent\u00e1vel para proteger os ecossitemas e a biodversidade, reduzir o desmatamento, combater a desertifica\u00e7\u00e3o e degrada\u00e7\u00e3o das terras e fomentar estrat\u00e9gia de usos sustent\u00e1veis dos recursos naturais.\u201d<\/span><\/p>\n<p>&nbsp;<\/p>\n<p><span style=\"font-family: arial, helvetica, sans-serif;font-size: 12pt\">Nesse \u00e2mbito, o documento recomenda que se dediquem mais esfor\u00e7os \u00e0 redu\u00e7\u00e3o de riscos de desastre mais amplo e inclusivo. A preocupa\u00e7\u00e3o primordial das medidas deve estar nas pessoas, assegurando pol\u00edticas p\u00fablicas claras para mitigar esses riscos e recursos dispon\u00edveis para essas a\u00e7\u00f5es de preven\u00e7\u00e3o e reconstru\u00e7\u00e3o de \u00e1reas e estruturas danificadas.<\/span><\/p>\n<p>&nbsp;<\/p>\n<p><span style=\"font-family: arial, helvetica, sans-serif;font-size: 12pt\"><strong>Coopera\u00e7\u00e3o internacional<\/strong><\/span><\/p>\n<p>&nbsp;<\/p>\n<p><span style=\"font-family: arial, helvetica, sans-serif;font-size: 12pt\">O texto defende um olhar mais atento das Na\u00e7\u00f5es Unidas aos pa\u00edses de renda m\u00e9dia, perfil da Am\u00e9rica Latina e do Caribe, sede de 73% da popula\u00e7\u00e3o mundial. As defici\u00eancias dos pa\u00edses da regi\u00e3o devem ser examinadas nas inst\u00e2ncias da ONU e ser objeto das assembleias da organiza\u00e7\u00e3o, acrescenta o estudo.<\/span><\/p>\n<p>&nbsp;<\/p>\n<p><span style=\"font-family: arial, helvetica, sans-serif;font-size: 12pt\">No \u00e2mbito da coopera\u00e7\u00e3o internacional, permanecem dificuldades provenientes das restri\u00e7\u00f5es de acesso a condi\u00e7\u00f5es econ\u00f4micas adequadas pelos pa\u00edses de renda m\u00e9dia. Para alterar esse quadro, os governos chamam a aten\u00e7\u00e3o para a import\u00e2ncia de repasses de pa\u00edses mais ricos a t\u00edtulo de assist\u00eancia para o desenvolvimento.<\/span><\/p>\n<p><span style=\"font-family: arial, helvetica, sans-serif;font-size: 12pt\">Fonte: Ag\u00eancia Brasil<\/span><\/p>\n","protected":false},"excerpt":{"rendered":"<p>Pa\u00edses da Am\u00e9rica Latina e do Caribe firmaram novo compromisso para promover o desenvolvimento sustent\u00e1vel na regi\u00e3o e identificaram o combate \u00e0 pobreza, em especial \u00e0 pobreza extrema, como o maior desafio. O compromisso est\u00e1 no\u00a0documento final\u00a0da 2a\u00a0Reuni\u00e3o do F\u00f3rum dos Pa\u00edses da Am\u00e9rica Latina e Caribe sobre Desenvolvimento Sustent\u00e1vel, que terminou\u00a0sexta-feira, 20, no Chile.\u00a0 [&hellip;]<\/p>\n","protected":false},"author":96,"featured_media":97709,"comment_status":"closed","ping_status":"closed","sticky":false,"template":"","format":"standard","meta":{"footnotes":""},"categories":[302],"tags":[],"class_list":["post-97941","post","type-post","status-publish","format-standard","has-post-thumbnail","hentry","category-brasil-mundo"],"_links":{"self":[{"href":"https:\/\/diarioregionaldigital.com.br\/index.php?rest_route=\/wp\/v2\/posts\/97941","targetHints":{"allow":["GET"]}}],"collection":[{"href":"https:\/\/diarioregionaldigital.com.br\/index.php?rest_route=\/wp\/v2\/posts"}],"about":[{"href":"https:\/\/diarioregionaldigital.com.br\/index.php?rest_route=\/wp\/v2\/types\/post"}],"author":[{"embeddable":true,"href":"https:\/\/diarioregionaldigital.com.br\/index.php?rest_route=\/wp\/v2\/users\/96"}],"replies":[{"embeddable":true,"href":"https:\/\/diarioregionaldigital.com.br\/index.php?rest_route=%2Fwp%2Fv2%2Fcomments&post=97941"}],"version-history":[{"count":0,"href":"https:\/\/diarioregionaldigital.com.br\/index.php?rest_route=\/wp\/v2\/posts\/97941\/revisions"}],"wp:featuredmedia":[{"embeddable":true,"href":"https:\/\/diarioregionaldigital.com.br\/index.php?rest_route=\/wp\/v2\/media\/97709"}],"wp:attachment":[{"href":"https:\/\/diarioregionaldigital.com.br\/index.php?rest_route=%2Fwp%2Fv2%2Fmedia&parent=97941"}],"wp:term":[{"taxonomy":"category","embeddable":true,"href":"https:\/\/diarioregionaldigital.com.br\/index.php?rest_route=%2Fwp%2Fv2%2Fcategories&post=97941"},{"taxonomy":"post_tag","embeddable":true,"href":"https:\/\/diarioregionaldigital.com.br\/index.php?rest_route=%2Fwp%2Fv2%2Ftags&post=97941"}],"curies":[{"name":"wp","href":"https:\/\/api.w.org\/{rel}","templated":true}]}}