{"id":97815,"date":"2018-04-23T15:40:51","date_gmt":"2018-04-23T18:40:51","guid":{"rendered":"http:\/\/diarioregionaljf.com.br\/?p=97815"},"modified":"2018-04-23T15:40:51","modified_gmt":"2018-04-23T18:40:51","slug":"evento-discute-acidentes-e-doencas-relacionados-ao-trabalho","status":"publish","type":"post","link":"https:\/\/diarioregionaldigital.com.br\/?p=97815","title":{"rendered":"Evento discute acidentes e doen\u00e7as relacionados ao trabalho"},"content":{"rendered":"<p>A Secretaria de Sa\u00fade (SS) da Prefeitura de Juiz de Fora (PJF) realizar\u00e1 na quarta-feira, 25, evento relacionado ao \u201cDia Mundial em Mem\u00f3ria das V\u00edtimas de Acidentes e Doen\u00e7as Relacionadas ao Trabalho\u201d, celebrado em 28 de abril. A atividade \u00e9 direcionada aos profissionais da Vigil\u00e2ncia em Sa\u00fade do Trabalhador, toda a rede do Sistema \u00danico de Sa\u00fade (SUS) e demais profissionais interessados no assunto. As inscri\u00e7\u00f5es podem ser realizadas atrav\u00e9s do e-mail dsat@pjf.mg.gov.br ou pelo telefone 3690-7511. O evento ser\u00e1 realizado no audit\u00f3rio da Vigil\u00e2ncia em Sa\u00fade, situada na Av. dos Andradas, n\u00ba 523, Centro, das 14h \u00e0s 16h.<\/p>\n<p>A atividade tem como objetivo promover o projeto \u201cAbril Verde\u201d, movimento iniciado em 2014, com intuito de reduzir os acidentes de trabalho e os agravos \u00e0 sa\u00fade do trabalhador, al\u00e9m de mobilizar a sociedade para preven\u00e7\u00e3o das doen\u00e7as que ocorrem em decorr\u00eancia do trabalho.<\/p>\n<p><b>Programa\u00e7\u00e3o<\/p>\n<p>14h<\/b>\u2013 Abertura<br \/>\n<b><\/b><\/p>\n<p><b>14h30<\/b>\u2013 Apresenta\u00e7\u00e3o do Projeto \u201cAbril Verde\u201d<br \/>\nHudson Machado Guimar\u00e3es \u2013 Procurador do Trabalho do Minist\u00e9rio P\u00fablico do Trabalho (MPT)<br \/>\n<b><\/b><\/p>\n<p><b>15h<\/b>\u2013 Palestra<br \/>\n\u201cSa\u00fade Mental e Trabalho: Promo\u00e7\u00e3o da Sa\u00fade e Bem-estar\u201d<br \/>\nEdelvais Keller \u2013 Professora adjunta de psicologia da Universidade Federal de Juiz de Fora (UFJF)<br \/>\n<b><\/b><\/p>\n<p><b>16h<\/b>\u2013 Lanche e t\u00e9rmino<\/p>\n<p>&nbsp;<\/p>\n<p>Fonte: Assessoria<\/p>\n","protected":false},"excerpt":{"rendered":"<p>A Secretaria de Sa\u00fade (SS) da Prefeitura de Juiz de Fora (PJF) realizar\u00e1 na quarta-feira, 25, evento relacionado ao \u201cDia Mundial em Mem\u00f3ria das V\u00edtimas de Acidentes e Doen\u00e7as Relacionadas ao Trabalho\u201d, celebrado em 28 de abril. A atividade \u00e9 direcionada aos profissionais da Vigil\u00e2ncia em Sa\u00fade do Trabalhador, toda a rede do Sistema \u00danico [&hellip;]<\/p>\n","protected":false},"author":96,"featured_media":97816,"comment_status":"closed","ping_status":"closed","sticky":false,"template":"","format":"standard","meta":{"footnotes":""},"categories":[253],"tags":[620,621,561,353,496,622],"class_list":["post-97815","post","type-post","status-publish","format-standard","has-post-thumbnail","hentry","category-cidade","tag-acidentes","tag-doencas","tag-evento","tag-pjf","tag-ss","tag-trabalho"],"_links":{"self":[{"href":"https:\/\/diarioregionaldigital.com.br\/index.php?rest_route=\/wp\/v2\/posts\/97815","targetHints":{"allow":["GET"]}}],"collection":[{"href":"https:\/\/diarioregionaldigital.com.br\/index.php?rest_route=\/wp\/v2\/posts"}],"about":[{"href":"https:\/\/diarioregionaldigital.com.br\/index.php?rest_route=\/wp\/v2\/types\/post"}],"author":[{"embeddable":true,"href":"https:\/\/diarioregionaldigital.com.br\/index.php?rest_route=\/wp\/v2\/users\/96"}],"replies":[{"embeddable":true,"href":"https:\/\/diarioregionaldigital.com.br\/index.php?rest_route=%2Fwp%2Fv2%2Fcomments&post=97815"}],"version-history":[{"count":0,"href":"https:\/\/diarioregionaldigital.com.br\/index.php?rest_route=\/wp\/v2\/posts\/97815\/revisions"}],"wp:featuredmedia":[{"embeddable":true,"href":"https:\/\/diarioregionaldigital.com.br\/index.php?rest_route=\/wp\/v2\/media\/97816"}],"wp:attachment":[{"href":"https:\/\/diarioregionaldigital.com.br\/index.php?rest_route=%2Fwp%2Fv2%2Fmedia&parent=97815"}],"wp:term":[{"taxonomy":"category","embeddable":true,"href":"https:\/\/diarioregionaldigital.com.br\/index.php?rest_route=%2Fwp%2Fv2%2Fcategories&post=97815"},{"taxonomy":"post_tag","embeddable":true,"href":"https:\/\/diarioregionaldigital.com.br\/index.php?rest_route=%2Fwp%2Fv2%2Ftags&post=97815"}],"curies":[{"name":"wp","href":"https:\/\/api.w.org\/{rel}","templated":true}]}}