{"id":97742,"date":"2018-04-23T00:46:58","date_gmt":"2018-04-23T03:46:58","guid":{"rendered":"http:\/\/diarioregionaljf.com.br\/?p=97742"},"modified":"2018-04-23T01:58:05","modified_gmt":"2018-04-23T04:58:05","slug":"com-gol-de-ademison-tupynambas-garante-vaga-na-elite-do-futebol-mineiro-em-2019","status":"publish","type":"post","link":"https:\/\/diarioregionaldigital.com.br\/?p=97742","title":{"rendered":"Com gol de Ademison Tupynamb\u00e1s garante vaga na elite do futebol mineiro em 2019"},"content":{"rendered":"<p>O Tupynamb\u00e1s Futebol Clube foi at\u00e9 Te\u00f3filo Otoni, no Vale do Mucuri, em busca de apenas um resultado: a vit\u00f3ria, que\u00a0 colocaria a equipe de Juiz de Fora na elite do\u00a0 futebol mineiro e ela veio! Com gols de Yan e Ademilson, o Le\u00e3o do Po\u00e7o Rico bateu o Am\u00e9rica e conquistou o in\u00e9dito acesso \u00e0 elite do futebol mineiro e est\u00e1 na decis\u00e3o do M\u00f3dulo II. O advers\u00e1rio da grande final ser\u00e1 o Guarani de Divin\u00f3polis.<\/p>\n<p><strong>O jogo<\/strong><\/p>\n<p>No in\u00edcio da partida, o Baeta foi s\u00f3 press\u00e3o: a primeira boa oportunidade foi com Gustavo Crecci, aos dez minutos de jogo. De cabe\u00e7a, o volante quase abriu o placar para o Le\u00e3o do Po\u00e7o Rico. Aos 13, ap\u00f3s bobeada da defesa americana, Yan quase marcou, mas aos 26, o mesmo Yan recebeu e, de fora da \u00e1rea, bateu colocado, no canto do goleiro americano, sem chances.<\/p>\n<p>Na volta para a segunda etapa, logo aos sete minutos, o \u00e1rbitro, de forma contest\u00e1vel, marcou p\u00eanalti em cima de J\u00f4natas Obina. Ele mesmo cobrou e deixou tudo igual. A partir da\u00ed, o Le\u00e3o foi s\u00f3 ataque. O gol do acesso aconteceu aos 43 minutos: o aniversariante do dia Bilu fez grande jogada e tocou para Ademilson, que ganhou do zagueiro e colocou no fundo das redes, marcando o gol do acesso!<\/p>\n<p>Em menos de dois anos de trabalho, em um projeto que iniciou em maio de 2016, o Grupo Gestor do Tupynamb\u00e1s Futebol Clube coloca o Le\u00e3o do Po\u00e7o Rico de forma in\u00e9dita na elite do futebol mineiro.<\/p>\n<p><strong>FICHA T\u00c9CNICA<\/strong><\/p>\n<p><strong>AM\u00c9RICA-TO 1X2 TUPYNAMB\u00c1S<\/strong><\/p>\n<p>Local: Est\u00e1dio Nassri Mattar, em Te\u00f3filo Otoni (MG)<\/p>\n<p>Data e Hor\u00e1rio: 21\/04\/2018, \u00e0s 16h<\/p>\n<p>Arbitragem: \u00c1RBITRO: IGOR J\u00daNIO BENEVENUTO; \u00c1RBITRO ASS. 1: MARCUS VINICIUS GOMES; \u00c1RBITRO ASS. 2: PABLO ALMEIDA COSTA; 4\u00ba \u00c1RBITRO: RODRIGO GOMES L\u00daCIO; 5\u00ba \u00c1RBITRO: J\u00daNIOR ANT\u00d4NIO DA SILVA; \u00c1RBITRO ASS. ADIC. 1: JERFERSON ANTONIO DA COSTA; \u00c1RBITRO ASS. ADIC. 2: FLAVIO HENRIQUE C TEIXEIRA<\/p>\n<p>Gols: 26\u2019 1\u00baT Yan, 43\u2019 2\u00baT Ademilson (Tupynamb\u00e1s); 9\u2019 2\u00baT Jonatas Obina (Am\u00e9rica-TO)<\/p>\n<p>Am\u00e9rica-TO: Paulo Victor; Leonardo, Fernando, V\u00e1gner e Iury; Josimar, Rodrigo Jos\u00e9, Andr\u00e9 e Chris; Mayk e Jonatas Obina. T\u00e9cnico: Bruno Barros<\/p>\n<p>Tupynamb\u00e1s: Glaysson; Catatau, Adriano, Gustavo Japa (Vin\u00edcius) e Lucas Hip\u00f3lito; Gustavo, Brayan (Wilson) e Filipinho (Bilu); Yan, Richard e Ademilson. T\u00e9cnico: Guiba<\/p>\n<p>Fonte: Tupynamb\u00e1s FC<\/p>\n","protected":false},"excerpt":{"rendered":"<p>O Tupynamb\u00e1s Futebol Clube foi at\u00e9 Te\u00f3filo Otoni, no Vale do Mucuri, em busca de apenas um resultado: a vit\u00f3ria, que\u00a0 colocaria a equipe de Juiz de Fora na elite do\u00a0 futebol mineiro e ela veio! Com gols de Yan e Ademilson, o Le\u00e3o do Po\u00e7o Rico bateu o Am\u00e9rica e conquistou o in\u00e9dito acesso [&hellip;]<\/p>\n","protected":false},"author":96,"featured_media":97743,"comment_status":"closed","ping_status":"closed","sticky":false,"template":"","format":"standard","meta":{"footnotes":""},"categories":[257],"tags":[],"class_list":["post-97742","post","type-post","status-publish","format-standard","has-post-thumbnail","hentry","category-esporte"],"_links":{"self":[{"href":"https:\/\/diarioregionaldigital.com.br\/index.php?rest_route=\/wp\/v2\/posts\/97742","targetHints":{"allow":["GET"]}}],"collection":[{"href":"https:\/\/diarioregionaldigital.com.br\/index.php?rest_route=\/wp\/v2\/posts"}],"about":[{"href":"https:\/\/diarioregionaldigital.com.br\/index.php?rest_route=\/wp\/v2\/types\/post"}],"author":[{"embeddable":true,"href":"https:\/\/diarioregionaldigital.com.br\/index.php?rest_route=\/wp\/v2\/users\/96"}],"replies":[{"embeddable":true,"href":"https:\/\/diarioregionaldigital.com.br\/index.php?rest_route=%2Fwp%2Fv2%2Fcomments&post=97742"}],"version-history":[{"count":0,"href":"https:\/\/diarioregionaldigital.com.br\/index.php?rest_route=\/wp\/v2\/posts\/97742\/revisions"}],"wp:featuredmedia":[{"embeddable":true,"href":"https:\/\/diarioregionaldigital.com.br\/index.php?rest_route=\/wp\/v2\/media\/97743"}],"wp:attachment":[{"href":"https:\/\/diarioregionaldigital.com.br\/index.php?rest_route=%2Fwp%2Fv2%2Fmedia&parent=97742"}],"wp:term":[{"taxonomy":"category","embeddable":true,"href":"https:\/\/diarioregionaldigital.com.br\/index.php?rest_route=%2Fwp%2Fv2%2Fcategories&post=97742"},{"taxonomy":"post_tag","embeddable":true,"href":"https:\/\/diarioregionaldigital.com.br\/index.php?rest_route=%2Fwp%2Fv2%2Ftags&post=97742"}],"curies":[{"name":"wp","href":"https:\/\/api.w.org\/{rel}","templated":true}]}}