{"id":97737,"date":"2018-04-21T14:37:09","date_gmt":"2018-04-21T17:37:09","guid":{"rendered":"http:\/\/diarioregionaljf.com.br\/?p=97737"},"modified":"2018-04-21T14:47:06","modified_gmt":"2018-04-21T17:47:06","slug":"policia-marca-para-maio-reconstituicao-do-assassinato-de-marielle","status":"publish","type":"post","link":"https:\/\/diarioregionaldigital.com.br\/?p=97737","title":{"rendered":"Pol\u00edcia marca para maio reconstitui\u00e7\u00e3o do assassinato de Marielle"},"content":{"rendered":"<p>O secret\u00e1rio de Seguran\u00e7a do Estado do Rio de Janeiro, general Richard Nunes, anunciou\u00a0neste s\u00e1bado, 21, que a Delegacia de Homic\u00eddios (DH) realizar\u00e1 nos primeiros dias\u00a0de maio\u00a0uma reconstitui\u00e7\u00e3o do atentado ocorrido\u00a0na noite de\u00a014 de mar\u00e7o, no centro da cidade, que resultou nas mortes da vereadora Marielle Franco\u00a0e de seu motorista Anderson Gomes.<\/p>\n<p>Segundo o secret\u00e1rio,\u00a0que participou, na manh\u00e3 deste s\u00e1bado, do desfile c\u00edvico em homenagem a Tiradentes, patrono da Pol\u00edcia Militar, o dia\u00a0da reconstitui\u00e7\u00e3o\u00a0ainda ser\u00e1 definido, uma vez que a simula\u00e7\u00e3o \u00e9 complexa e depender\u00e1 de uma data com\u00a0as mesmas circunst\u00e2ncias da verificada no dia do atentado.<\/p>\n<p>\u201cPor isso,\u00a0n\u00e3o poderemos trabalhar\u00a0em uma data\u00a0com condi\u00e7\u00f5es [clim\u00e1ticas] distintas da do dia do atentado\u201d. A avalia\u00e7\u00e3o do secret\u00e1rio \u00e9 de que a reprodu\u00e7\u00e3o ajudar\u00e1 muito \u201cna compreens\u00e3o da din\u00e2mica do crime e a confrontar as diferentes vers\u00f5es das testemunhas\u201d, o que levar\u00e1 a uma vis\u00e3o mais completa do fato e contribuir com as investiga\u00e7\u00f5es.<\/p>\n<p>Durante a entrevista o general Richard Nunes informou que as for\u00e7as de seguran\u00e7a do estado est\u00e3o trabalhando para recuperar a\u00a0capacidade operacional e que, na pr\u00f3xima semana, estar\u00e3o sendo entregues \u00e0 Policia Militar 265 novas viaturas para o patrulhamento ostensivo da cidade.<\/p>\n<p align=\"LEFT\">Ao comentar as recentes a\u00e7\u00f5es do setor de intelig\u00eancia da pol\u00edcia voltadas para o combate \u00e0s miliciais,\u00a0principalmente na zona oeste e Baixada Fluminense, o general Richard Nunes afirmou\u00a0que a\u00e7\u00f5es desse tipo ser\u00e3o intensificadas, a partir do trabalho das delegacias especializadas, em parceria com o Minist\u00e9rio P\u00fablico do Rio\u00a0de Janeiro\u00a0(MPRJ).<\/p>\n<p align=\"LEFT\">Fonte: Ag\u00eancia Brasil<\/p>\n","protected":false},"excerpt":{"rendered":"<p>O secret\u00e1rio de Seguran\u00e7a do Estado do Rio de Janeiro, general Richard Nunes, anunciou\u00a0neste s\u00e1bado, 21, que a Delegacia de Homic\u00eddios (DH) realizar\u00e1 nos primeiros dias\u00a0de maio\u00a0uma reconstitui\u00e7\u00e3o do atentado ocorrido\u00a0na noite de\u00a014 de mar\u00e7o, no centro da cidade, que resultou nas mortes da vereadora Marielle Franco\u00a0e de seu motorista Anderson Gomes. Segundo o secret\u00e1rio,\u00a0que [&hellip;]<\/p>\n","protected":false},"author":96,"featured_media":97738,"comment_status":"closed","ping_status":"closed","sticky":false,"template":"","format":"standard","meta":{"footnotes":""},"categories":[302],"tags":[],"class_list":["post-97737","post","type-post","status-publish","format-standard","has-post-thumbnail","hentry","category-brasil-mundo"],"_links":{"self":[{"href":"https:\/\/diarioregionaldigital.com.br\/index.php?rest_route=\/wp\/v2\/posts\/97737","targetHints":{"allow":["GET"]}}],"collection":[{"href":"https:\/\/diarioregionaldigital.com.br\/index.php?rest_route=\/wp\/v2\/posts"}],"about":[{"href":"https:\/\/diarioregionaldigital.com.br\/index.php?rest_route=\/wp\/v2\/types\/post"}],"author":[{"embeddable":true,"href":"https:\/\/diarioregionaldigital.com.br\/index.php?rest_route=\/wp\/v2\/users\/96"}],"replies":[{"embeddable":true,"href":"https:\/\/diarioregionaldigital.com.br\/index.php?rest_route=%2Fwp%2Fv2%2Fcomments&post=97737"}],"version-history":[{"count":0,"href":"https:\/\/diarioregionaldigital.com.br\/index.php?rest_route=\/wp\/v2\/posts\/97737\/revisions"}],"wp:featuredmedia":[{"embeddable":true,"href":"https:\/\/diarioregionaldigital.com.br\/index.php?rest_route=\/wp\/v2\/media\/97738"}],"wp:attachment":[{"href":"https:\/\/diarioregionaldigital.com.br\/index.php?rest_route=%2Fwp%2Fv2%2Fmedia&parent=97737"}],"wp:term":[{"taxonomy":"category","embeddable":true,"href":"https:\/\/diarioregionaldigital.com.br\/index.php?rest_route=%2Fwp%2Fv2%2Fcategories&post=97737"},{"taxonomy":"post_tag","embeddable":true,"href":"https:\/\/diarioregionaldigital.com.br\/index.php?rest_route=%2Fwp%2Fv2%2Ftags&post=97737"}],"curies":[{"name":"wp","href":"https:\/\/api.w.org\/{rel}","templated":true}]}}