{"id":97715,"date":"2018-04-21T12:22:53","date_gmt":"2018-04-21T15:22:53","guid":{"rendered":"http:\/\/diarioregionaljf.com.br\/?p=97715"},"modified":"2018-04-21T12:22:53","modified_gmt":"2018-04-21T15:22:53","slug":"medalha-da-inconfidencia-sera-concedida-hoje-a-marielle-franco","status":"publish","type":"post","link":"https:\/\/diarioregionaldigital.com.br\/?p=97715","title":{"rendered":"Medalha da Inconfid\u00eancia ser\u00e1 concedida hoje a Marielle Franco"},"content":{"rendered":"<p>A Medalha da Inconfid\u00eancia, maior honraria do governo de Minas Gerais, ser\u00e1 concedida\u00a0hoje, 21, \u00e0 vereadora do Rio de Janeiro, Marielle Franco (PSOL), e ao motorista Anderson Gomes,\u00a0assassinados h\u00e1 pouco mais de um m\u00eas. Trata-se de uma homenagem\u00a0<em>in memorian<\/em>, isto \u00e9, prestada a uma pessoa j\u00e1 morreu. A vereadora e o motorista dever\u00e3o ser representados por parentes, que receber\u00e3o a Grande Medalha, uma das quatro designa\u00e7\u00f5es.<\/p>\n<p>A entrega da Medalha da Inconfid\u00eancia ocorre todos os anos em cerim\u00f4nia na cidade de Ouro Preto no dia 21 de abril, data em que se lembra a morte de Tiradentes. A honraria foi institu\u00edda pelo ent\u00e3o governador mineiro Juscelino Kubitschek, em 1952. Os agraciados s\u00e3o pessoas e institui\u00e7\u00f5es que contribu\u00edram para o desenvolvimento de Minas Gerais e do Brasil e s\u00e3o escolhidos por um conselho composto por representantes dos poderes Executivo e Legislativo do estado e de Ouro Preto.<\/p>\n<p>Nesta edi\u00e7\u00e3o, 170 pessoas e entidades receber\u00e3o tr\u00eas designa\u00e7\u00f5es: Grande Medalha, Medalha de Honra e Medalha da Inconfid\u00eancia. Al\u00e9m de Marielle, ser\u00e3o homenageados professores, militares, policiais, juristas, bombeiros, empres\u00e1rios, pol\u00edticos, artistas, artes\u00e3os, ativistas de movimentos sociais e l\u00edderes religiosos, entre outros.<\/p>\n<p>No dia da cerim\u00f4nia, um decreto do governador transfere simbolicamente por um dia a capital mineira para Ouro Preto, lembrando que o munic\u00edpio exerceu esse papel de 1823 a 1897. A cidade foi tamb\u00e9m o ber\u00e7o da Inconfid\u00eancia Mineira, movimento que confrontou o dom\u00ednio da Coroa portuguesa sobre o Brasil. A revolta terminou em 1972 e Tiradentes, um dos inconfidentes, foi enforcado no Rio de Janeiro no 21 de abril. O epis\u00f3dio completa hoje\u00a0226 anos.<\/p>\n<p>Defensor dos direitos humanos como Marielle, o argentino Adolfo P\u00e9rez Esquivel tamb\u00e9m consta na lista dos agraciados. Ele foi o vencedor do Pr\u00eamio Nobel da Paz em 1980. Entre os homenageados, h\u00e1 tamb\u00e9m outros pol\u00edticos como\u00a0o senador Lindbergh Farias (PT), o deputado federal Delegado Edson Moreira (PR) e o deputado estadual Glaycon Franco (PV), al\u00e9m de prefeitos de munic\u00edpios do interior de Minas Gerais. A lista inclui ainda a reitora da Universidade Federal de Minas Gerais (UFMG), Sandra Regina Goulart Almeida, a cantora Aline Calixto, a cartunista Laerte Coutinho e os presidentes dos clubes\u00a0Atl\u00e9tico-MG e Cruzeiro, S\u00e9rgio Sette C\u00e2mara e Wagner S\u00e1 Pires.<\/p>\n<p>Atendendo pedidos da comerciantes e moradores de Ouro Preto, a solenidade deste ano ser\u00e1 dividia em dois momentos: a cerim\u00f4nia oficial de tiros, o hasteamento da bandeira e a coloca\u00e7\u00e3o de flores no monumento ao m\u00e1rtir da Inconfid\u00eancia Mineira ser\u00e3o realizados na Pra\u00e7a Tiradentes. J\u00e1 a entrega das medalhas foi\u00a0deslocada\u00a0do centro de munic\u00edpio para o Centro de Artes e Conven\u00e7\u00f5es da Universidade Federal de Ouro Preto (Ufop).<\/p>\n<p><strong>Em mem\u00f3ria<\/strong><\/p>\n<p>A homenagem<em>\u00a0in memorian<\/em>\u00a0tem sido comum. Al\u00e9m de Marielle e Anderson, receber\u00e3o a Grande Medalha nesta condi\u00e7\u00e3o o ex-jogador de v\u00f4lei e dirigente esportivo\u00a0Bebeto de Freitas, que morreu\u00a0h\u00e1 pouco mais de um m\u00eas, e o ex-deputado federal Ricardo Zarattini (PT), morto em outubro do ano passado.<\/p>\n<p>No ano passado, o principal homenageado tamb\u00e9m foi agraciado\u00a0<em>in memorian<\/em>: o ex-presidente da \u00c1frica do Sul,\u00a0Nelson Mandela, \u00edcone mundial da luta contra o racismo que morreu\u00a0em 2013. Em seu nome, o embaixador sul-africano Ntshikiwane Joseph Mashimbye recebeu o Grande Colar, a m\u00e1xima designa\u00e7\u00e3o. Um ano antes, ele foi entregue ao ex-presidente uruguaio\u00a0Jos\u00e9 Mujica. Nesta edi\u00e7\u00e3o, ningu\u00e9m ser\u00e1 agraciado com o Grande Colar.<\/p>\n<p>Fonte: Ag\u00eancia Brasil<\/p>\n","protected":false},"excerpt":{"rendered":"<p>A Medalha da Inconfid\u00eancia, maior honraria do governo de Minas Gerais, ser\u00e1 concedida\u00a0hoje, 21, \u00e0 vereadora do Rio de Janeiro, Marielle Franco (PSOL), e ao motorista Anderson Gomes,\u00a0assassinados h\u00e1 pouco mais de um m\u00eas. Trata-se de uma homenagem\u00a0in memorian, isto \u00e9, prestada a uma pessoa j\u00e1 morreu. A vereadora e o motorista dever\u00e3o ser representados [&hellip;]<\/p>\n","protected":false},"author":96,"featured_media":97716,"comment_status":"closed","ping_status":"closed","sticky":false,"template":"","format":"standard","meta":{"footnotes":""},"categories":[302],"tags":[],"class_list":["post-97715","post","type-post","status-publish","format-standard","has-post-thumbnail","hentry","category-brasil-mundo"],"_links":{"self":[{"href":"https:\/\/diarioregionaldigital.com.br\/index.php?rest_route=\/wp\/v2\/posts\/97715","targetHints":{"allow":["GET"]}}],"collection":[{"href":"https:\/\/diarioregionaldigital.com.br\/index.php?rest_route=\/wp\/v2\/posts"}],"about":[{"href":"https:\/\/diarioregionaldigital.com.br\/index.php?rest_route=\/wp\/v2\/types\/post"}],"author":[{"embeddable":true,"href":"https:\/\/diarioregionaldigital.com.br\/index.php?rest_route=\/wp\/v2\/users\/96"}],"replies":[{"embeddable":true,"href":"https:\/\/diarioregionaldigital.com.br\/index.php?rest_route=%2Fwp%2Fv2%2Fcomments&post=97715"}],"version-history":[{"count":0,"href":"https:\/\/diarioregionaldigital.com.br\/index.php?rest_route=\/wp\/v2\/posts\/97715\/revisions"}],"wp:featuredmedia":[{"embeddable":true,"href":"https:\/\/diarioregionaldigital.com.br\/index.php?rest_route=\/wp\/v2\/media\/97716"}],"wp:attachment":[{"href":"https:\/\/diarioregionaldigital.com.br\/index.php?rest_route=%2Fwp%2Fv2%2Fmedia&parent=97715"}],"wp:term":[{"taxonomy":"category","embeddable":true,"href":"https:\/\/diarioregionaldigital.com.br\/index.php?rest_route=%2Fwp%2Fv2%2Fcategories&post=97715"},{"taxonomy":"post_tag","embeddable":true,"href":"https:\/\/diarioregionaldigital.com.br\/index.php?rest_route=%2Fwp%2Fv2%2Ftags&post=97715"}],"curies":[{"name":"wp","href":"https:\/\/api.w.org\/{rel}","templated":true}]}}