{"id":97708,"date":"2018-04-21T12:04:44","date_gmt":"2018-04-21T15:04:44","guid":{"rendered":"http:\/\/diarioregionaljf.com.br\/?p=97708"},"modified":"2018-04-21T12:04:44","modified_gmt":"2018-04-21T15:04:44","slug":"paises-comemoram-suspensao-de-testes-nucleares-pela-coreia-do-norte","status":"publish","type":"post","link":"https:\/\/diarioregionaldigital.com.br\/?p=97708","title":{"rendered":"Pa\u00edses comemoram suspens\u00e3o de testes nucleares pela Coreia do Norte"},"content":{"rendered":"<p>A Coreia do Sul, a China, os EUA e o Reino Unido foram algumas das pot\u00eancias mundiais que celebraram a decis\u00e3o da Coreia do Norte de fechar seu centro de testes nucleares.<\/p>\n<p>A suspens\u00e3o dos testes e a interrup\u00e7\u00e3o de lan\u00e7amentos de m\u00edsseis bal\u00edsticos intercontinentais\u00a0foram anunciadas\u00a0ontem, 20, pelo l\u00edder da Coreia do Norte, Kim Jong-un. O an\u00fancio foi veiculado pela ag\u00eancia de not\u00edcias oficial norte-coreana KCNA.<\/p>\n<p>Neste\u00a0s\u00e1bado, 21, o governo da Coreia do Sul classificou o an\u00fancio de um \u201cprogresso significativo\u201d para desnucleariza\u00e7\u00e3o da Coreia do Norte. Em um comunicado enviado pelo gabinete presidencial sul-coreano, Seul considerou que &#8220;a decis\u00e3o da Coreia do Norte \u00e9 significativa para a desnucleariza\u00e7\u00e3o da pen\u00ednsula coreana&#8221; e disse, al\u00e9m disso, que \u201cajudar\u00e1 a criar um ambiente muito positivo para o sucesso das pr\u00f3ximas c\u00fapulas intercoreana e entre o Norte e Estados Unidos\u201d.<\/p>\n<p>O governo chin\u00eas, por meio de um comunicado publicado pelo Minist\u00e9rio das Rela\u00e7\u00f5es Exteriores, destacou que a \u201cChina acredita que a decis\u00e3o da Coreia do Norte ajudar\u00e1 a melhorar a situa\u00e7\u00e3o na Pen\u00ednsula\u201d, por isso \u201cd\u00e1 boas-vindas\u201d a este movimento.<\/p>\n<p>O Minist\u00e9rio de Rela\u00e7\u00f5es Exteriores brit\u00e2nico divulgou um comunicado neste\u00a0s\u00e1bado\u00a0no qual considerou o an\u00fancio da Coreia do Norte como &#8220;um passo positivo&#8221;. O texto acrescenta que o Reino Unido segue &#8220;comprometido a trabalhar com seus parceiros internacionais&#8221; para atingir o objetivo &#8220;de uma desnucleariza\u00e7\u00e3o completa, verific\u00e1vel e irrevers\u00edvel&#8221; da pen\u00ednsula da Coreia e fazer isso &#8220;atrav\u00e9s de meios pac\u00edficos&#8221;.<\/p>\n<p><strong>EUA<\/strong><\/p>\n<p>Os coment\u00e1rios de Coreia do Sul, China e Reino Unido ocorrem ap\u00f3s manifesta\u00e7\u00f5es do presidente dos EUA, Donald Trump, que em uma rede social chamou o an\u00fancio da Coreia do Norte de &#8220;muito boa not\u00edcia&#8221; e de &#8220;grande progresso&#8221; tanto para o pa\u00eds asi\u00e1tico como para o mundo.<\/p>\n<p>Dentro de uma semana, em\u00a027 de abril, est\u00e1 previsto um encontro entre Kim Jong-un e o presidente sul-coreano, Moon Jae-in, na militarizada fronteira entre as duas Coreias, no que ser\u00e1 a primeira reuni\u00e3o entre governantes coreanos em 11 anos.<\/p>\n<p>Est\u00e1 previsto tamb\u00e9m, para entre o final\u00a0de maio\u00a0e come\u00e7o\u00a0de junho, outra reuni\u00e3o de c\u00fapula entre o l\u00edder norte-coreano e Trump, a primeira da hist\u00f3ria entre os l\u00edderes de Coreia do Norte e EUA.<\/p>\n<p>*com informa\u00e7\u00f5es da Ag\u00eancia EFE<\/p>\n<p>Fonte: Ag\u00eancia Brasil<\/p>\n","protected":false},"excerpt":{"rendered":"<p>A Coreia do Sul, a China, os EUA e o Reino Unido foram algumas das pot\u00eancias mundiais que celebraram a decis\u00e3o da Coreia do Norte de fechar seu centro de testes nucleares. A suspens\u00e3o dos testes e a interrup\u00e7\u00e3o de lan\u00e7amentos de m\u00edsseis bal\u00edsticos intercontinentais\u00a0foram anunciadas\u00a0ontem, 20, pelo l\u00edder da Coreia do Norte, Kim Jong-un. [&hellip;]<\/p>\n","protected":false},"author":96,"featured_media":97709,"comment_status":"closed","ping_status":"closed","sticky":false,"template":"","format":"standard","meta":{"footnotes":""},"categories":[302],"tags":[],"class_list":["post-97708","post","type-post","status-publish","format-standard","has-post-thumbnail","hentry","category-brasil-mundo"],"_links":{"self":[{"href":"https:\/\/diarioregionaldigital.com.br\/index.php?rest_route=\/wp\/v2\/posts\/97708","targetHints":{"allow":["GET"]}}],"collection":[{"href":"https:\/\/diarioregionaldigital.com.br\/index.php?rest_route=\/wp\/v2\/posts"}],"about":[{"href":"https:\/\/diarioregionaldigital.com.br\/index.php?rest_route=\/wp\/v2\/types\/post"}],"author":[{"embeddable":true,"href":"https:\/\/diarioregionaldigital.com.br\/index.php?rest_route=\/wp\/v2\/users\/96"}],"replies":[{"embeddable":true,"href":"https:\/\/diarioregionaldigital.com.br\/index.php?rest_route=%2Fwp%2Fv2%2Fcomments&post=97708"}],"version-history":[{"count":0,"href":"https:\/\/diarioregionaldigital.com.br\/index.php?rest_route=\/wp\/v2\/posts\/97708\/revisions"}],"wp:featuredmedia":[{"embeddable":true,"href":"https:\/\/diarioregionaldigital.com.br\/index.php?rest_route=\/wp\/v2\/media\/97709"}],"wp:attachment":[{"href":"https:\/\/diarioregionaldigital.com.br\/index.php?rest_route=%2Fwp%2Fv2%2Fmedia&parent=97708"}],"wp:term":[{"taxonomy":"category","embeddable":true,"href":"https:\/\/diarioregionaldigital.com.br\/index.php?rest_route=%2Fwp%2Fv2%2Fcategories&post=97708"},{"taxonomy":"post_tag","embeddable":true,"href":"https:\/\/diarioregionaldigital.com.br\/index.php?rest_route=%2Fwp%2Fv2%2Ftags&post=97708"}],"curies":[{"name":"wp","href":"https:\/\/api.w.org\/{rel}","templated":true}]}}