{"id":97706,"date":"2018-04-21T11:58:10","date_gmt":"2018-04-21T14:58:10","guid":{"rendered":"http:\/\/diarioregionaljf.com.br\/?p=97706"},"modified":"2018-04-21T12:05:37","modified_gmt":"2018-04-21T15:05:37","slug":"trump-ve-avanco-na-decisao-da-coreia-do-norte-sobre-testes-nucleares","status":"publish","type":"post","link":"https:\/\/diarioregionaldigital.com.br\/?p=97706","title":{"rendered":"Trump v\u00ea avan\u00e7o na decis\u00e3o da Coreia do Norte sobre testes nucleares"},"content":{"rendered":"<p>O presidente dos Estados Unidos, Donald Trump, celebrou nessa sexta-feira, 20, no Twitter, o an\u00fancio da Coreia do Norte sobre interromper seu programa de armamento nuclear. Trump elogiou a decis\u00e3o, momentos depois da divulga\u00e7\u00e3o da not\u00edcia de que o l\u00edder do pa\u00eds, Kim Jong-Un, decidiu paralisar os planos de nucleariza\u00e7\u00e3o. Abandonar o projeto era uma exig\u00eancia para que ocorra o encontro entre os dois l\u00edderes nos pr\u00f3ximos meses.<\/p>\n<p>\u201cA Coreia do Norte concordou em suspender todos os testes nucleares e fechar um grande local de testes. Esta \u00e9 uma not\u00edcia muito boa para a Coreia do Norte e para o mundo \u2013 grande progresso!&#8221; escreveu. E comentou que \u201caguarda a c\u00fapula\u201d.<\/p>\n<p>Na quarta-feira, 18, Trump havia dito que o encontro poderia n\u00e3o acontecer se n\u00e3o houvesse garantias de que realmente seria \u201cfrut\u00edfero para os Estados Unidos\u201d. No dia seguinte, o presidente sul-coreano, Moon Jae-In, afirmou que a Coreia do Norte estava comprometida com a proposta de interromper seus testes nucleares.<\/p>\n<p>A Coreia do Sul v\u00ea na realiza\u00e7\u00e3o da c\u00fapula uma oportunidade para celebrar a paz na regi\u00e3o. O an\u00fancio de Kim Jong-Un foi divulgado pela Ag\u00eancia Central de Not\u00edcias da Cor\u00e9ia, um \u00f3rg\u00e3o estatal norte-coreano. A ag\u00eancia acrescentou que o pa\u00eds iria paralisar seus testes nucleares e m\u00edsseis de longo alcance a partir deste s\u00e1bado, 21, al\u00e9m de fechar um local de testes. A medida seria, uma \u201cmanifesta\u00e7\u00e3o de Pyongyang para provar a promessa de suspender testes nucleares\u201d.<\/p>\n<p>O encontro ainda n\u00e3o tem data definida, mas deve ocorrer no fim de maio ou come\u00e7o de junho.<\/p>\n<p>Fonte: Ag\u00eancia Brasil<\/p>\n","protected":false},"excerpt":{"rendered":"<p>O presidente dos Estados Unidos, Donald Trump, celebrou nessa sexta-feira, 20, no Twitter, o an\u00fancio da Coreia do Norte sobre interromper seu programa de armamento nuclear. Trump elogiou a decis\u00e3o, momentos depois da divulga\u00e7\u00e3o da not\u00edcia de que o l\u00edder do pa\u00eds, Kim Jong-Un, decidiu paralisar os planos de nucleariza\u00e7\u00e3o. Abandonar o projeto era uma [&hellip;]<\/p>\n","protected":false},"author":96,"featured_media":97363,"comment_status":"closed","ping_status":"closed","sticky":false,"template":"","format":"standard","meta":{"footnotes":""},"categories":[302],"tags":[],"class_list":["post-97706","post","type-post","status-publish","format-standard","has-post-thumbnail","hentry","category-brasil-mundo"],"_links":{"self":[{"href":"https:\/\/diarioregionaldigital.com.br\/index.php?rest_route=\/wp\/v2\/posts\/97706","targetHints":{"allow":["GET"]}}],"collection":[{"href":"https:\/\/diarioregionaldigital.com.br\/index.php?rest_route=\/wp\/v2\/posts"}],"about":[{"href":"https:\/\/diarioregionaldigital.com.br\/index.php?rest_route=\/wp\/v2\/types\/post"}],"author":[{"embeddable":true,"href":"https:\/\/diarioregionaldigital.com.br\/index.php?rest_route=\/wp\/v2\/users\/96"}],"replies":[{"embeddable":true,"href":"https:\/\/diarioregionaldigital.com.br\/index.php?rest_route=%2Fwp%2Fv2%2Fcomments&post=97706"}],"version-history":[{"count":0,"href":"https:\/\/diarioregionaldigital.com.br\/index.php?rest_route=\/wp\/v2\/posts\/97706\/revisions"}],"wp:featuredmedia":[{"embeddable":true,"href":"https:\/\/diarioregionaldigital.com.br\/index.php?rest_route=\/wp\/v2\/media\/97363"}],"wp:attachment":[{"href":"https:\/\/diarioregionaldigital.com.br\/index.php?rest_route=%2Fwp%2Fv2%2Fmedia&parent=97706"}],"wp:term":[{"taxonomy":"category","embeddable":true,"href":"https:\/\/diarioregionaldigital.com.br\/index.php?rest_route=%2Fwp%2Fv2%2Fcategories&post=97706"},{"taxonomy":"post_tag","embeddable":true,"href":"https:\/\/diarioregionaldigital.com.br\/index.php?rest_route=%2Fwp%2Fv2%2Ftags&post=97706"}],"curies":[{"name":"wp","href":"https:\/\/api.w.org\/{rel}","templated":true}]}}