{"id":97433,"date":"2018-04-19T18:17:51","date_gmt":"2018-04-19T21:17:51","guid":{"rendered":"http:\/\/diarioregionaljf.com.br\/?p=97433"},"modified":"2018-04-19T18:17:51","modified_gmt":"2018-04-19T21:17:51","slug":"cozinha-urbana-reune-classicos-da-gastronomia-de-rua-na-praca-do-bairro-bom-pastor","status":"publish","type":"post","link":"https:\/\/diarioregionaldigital.com.br\/?p=97433","title":{"rendered":"\u201cCozinha Urbana\u201d re\u00fane cl\u00e1ssicos da gastronomia de rua na pra\u00e7a do Bairro Bom Pastor"},"content":{"rendered":"<p>A primeira edi\u00e7\u00e3o do \u201cCozinha Urbana\u201d reunir\u00e1 gastronomia, cervejas especiais, m\u00fasica, cultura e divers\u00e3o para toda a fam\u00edlia. Com entrada gratuita, o festival acontecer\u00e1 a partir desta sexta-feira, 20, e ir\u00e1 at\u00e9 domingo, 22, na pra\u00e7a do bairro Bom Pastor, zona Sul. O evento \u00e9 realiza\u00e7\u00e3o da Associa\u00e7\u00e3o Brasileira de Bares de Restaurantes &#8211; Regional Zona da Mata (Abrasel ZM), com apoio da Prefeitura de Juiz de Fora (PJF), por meio do Programa de Fomento a Projetos Tur\u00edsticos, oferecido pela Secretaria de Desenvolvimento Econ\u00f4mico, Trabalho e Turismo (Sedettur) e Conselho Municipal de Turismo (Comtur JF).<\/p>\n<p>\u201cA chamada \u2018baixa gastronomia\u2019 (conceito de comida mais popular, mas com qualidade) \u00e9 grande tend\u00eancia, que queremos colocar em alta em Juiz de Fora\u201d, destacou a presidente da Abrasel ZM, Carla Pires. Para a gerente do Departamento de Incentivo ao Turismo da Sedettur, Tatyana Hauck Herdy Hill, \u201ceste \u00e9 mais um evento que valoriza nossa gastronomia e democratiza o consumo das cervejas especiais, t\u00e3o importante para o cen\u00e1rio econ\u00f4mico, cultural e tur\u00edstico da cidade.\u201d<\/p>\n<p>Durante os tr\u00eas dias, o p\u00fablico encontrar\u00e1 cl\u00e1ssicos da gastronomia de rua, elaborados por profissionais de estabelecimentos de Juiz de Fora.<\/p>\n<p>Quem passar pela Pra\u00e7a encontrar\u00e1 entretenimento para as crian\u00e7as, com o grupo \u201cAventura Ilimitada\u201d, al\u00e9m de atra\u00e7\u00f5es culturais diversas.\u00a0Entre elas, nesta sexta-feira, o repert\u00f3rio pop rock do vocalista da ZonaBlue, com Ricardo Capra Trio. No s\u00e1bado, 21, Banda Muamba, com pop rock e reggae, e grupo Smoke in the Blues. No domingo, Luciano Baptista interpretar\u00e1 cl\u00e1ssicos do rock no viol\u00e3o e na gaita, e Daniel Reis apresentar\u00e1 sucessos da m\u00fasica popular brasileira (MPB) e pop rock.<\/p>\n<p><b>Cozinha Urbana<\/b><br \/>\nLocal: Pra\u00e7a do Bairro Bom Pastor<br \/>\n20\/3 (sexta-feira): de 16h \u00e0s 22h<br \/>\n21\/3 (s\u00e1bado): de 11h \u00e0s 22h<br \/>\n22\/3 (domingo) \u2013 de 11h \u00e0s 22h<\/p>\n","protected":false},"excerpt":{"rendered":"<p>A primeira edi\u00e7\u00e3o do \u201cCozinha Urbana\u201d reunir\u00e1 gastronomia, cervejas especiais, m\u00fasica, cultura e divers\u00e3o para toda a fam\u00edlia. Com entrada gratuita, o festival acontecer\u00e1 a partir desta sexta-feira, 20, e ir\u00e1 at\u00e9 domingo, 22, na pra\u00e7a do bairro Bom Pastor, zona Sul. O evento \u00e9 realiza\u00e7\u00e3o da Associa\u00e7\u00e3o Brasileira de Bares de Restaurantes &#8211; Regional [&hellip;]<\/p>\n","protected":false},"author":96,"featured_media":97454,"comment_status":"closed","ping_status":"closed","sticky":false,"template":"","format":"standard","meta":{"footnotes":""},"categories":[253,440],"tags":[565,563,562,564,561,560,566],"class_list":["post-97433","post","type-post","status-publish","format-standard","has-post-thumbnail","hentry","category-cidade","category-destaques-do-dia","tag-atracao","tag-cerveja-artesanal","tag-culinaria","tag-diversao","tag-evento","tag-gastronomia","tag-musica"],"_links":{"self":[{"href":"https:\/\/diarioregionaldigital.com.br\/index.php?rest_route=\/wp\/v2\/posts\/97433","targetHints":{"allow":["GET"]}}],"collection":[{"href":"https:\/\/diarioregionaldigital.com.br\/index.php?rest_route=\/wp\/v2\/posts"}],"about":[{"href":"https:\/\/diarioregionaldigital.com.br\/index.php?rest_route=\/wp\/v2\/types\/post"}],"author":[{"embeddable":true,"href":"https:\/\/diarioregionaldigital.com.br\/index.php?rest_route=\/wp\/v2\/users\/96"}],"replies":[{"embeddable":true,"href":"https:\/\/diarioregionaldigital.com.br\/index.php?rest_route=%2Fwp%2Fv2%2Fcomments&post=97433"}],"version-history":[{"count":0,"href":"https:\/\/diarioregionaldigital.com.br\/index.php?rest_route=\/wp\/v2\/posts\/97433\/revisions"}],"wp:featuredmedia":[{"embeddable":true,"href":"https:\/\/diarioregionaldigital.com.br\/index.php?rest_route=\/wp\/v2\/media\/97454"}],"wp:attachment":[{"href":"https:\/\/diarioregionaldigital.com.br\/index.php?rest_route=%2Fwp%2Fv2%2Fmedia&parent=97433"}],"wp:term":[{"taxonomy":"category","embeddable":true,"href":"https:\/\/diarioregionaldigital.com.br\/index.php?rest_route=%2Fwp%2Fv2%2Fcategories&post=97433"},{"taxonomy":"post_tag","embeddable":true,"href":"https:\/\/diarioregionaldigital.com.br\/index.php?rest_route=%2Fwp%2Fv2%2Ftags&post=97433"}],"curies":[{"name":"wp","href":"https:\/\/api.w.org\/{rel}","templated":true}]}}