{"id":97330,"date":"2018-04-19T08:35:37","date_gmt":"2018-04-19T11:35:37","guid":{"rendered":"http:\/\/diarioregionaljf.com.br\/?p=97330"},"modified":"2018-04-19T08:35:37","modified_gmt":"2018-04-19T11:35:37","slug":"pm-apreende-armas-e-drogas-em-apartamento-no-sao-benedito","status":"publish","type":"post","link":"https:\/\/diarioregionaldigital.com.br\/?p=97330","title":{"rendered":"PM apreende armas e drogas em apartamento no S\u00e3o Benedito"},"content":{"rendered":"<p>A Pol\u00edcia Militar (PM) apreendeu armas, drogas e muni\u00e7\u00f5es em um apartamento na Rua Jos\u00e9 Augusto Campos, no bairro S\u00e3o Benedito, zona Leste de Juiz de Fora, na noite dessa quarta-feira, 18.<\/p>\n<p>De acordo com informa\u00e7\u00f5es da corpora\u00e7\u00e3o, os militares faziam patrulhamento pelo bairro quando receberam a den\u00fancia de que um homem estaria armado em via p\u00fablica. Uma guarni\u00e7\u00e3o se deslocou para o local informado, vindo a encontrar o suspeito em um beco. Ao perceber a aproxima\u00e7\u00e3o da pol\u00edcia, o homem fugiu para o interior do referido local.<\/p>\n<p>Ao entrar no beco, os militares perceberam um port\u00e3o entreaberto. Ainda conforme informa\u00e7\u00f5es da PM, o mesmo daria acesso a um im\u00f3vel de propriedade de um indiv\u00edduo com passagens policiais por tr\u00e1fico de drogas, preso dias atr\u00e1s pela Pol\u00edcia Civil (PC). A equipe, ent\u00e3o, se deslocou ao segundo andar do pr\u00e9dio, vindo a encontrar a porta apenas encostada. Durante buscas no interior da resid\u00eancia, na tentativa de localizar o autor que fugiu, os policiais localizaram armas, muni\u00e7\u00f5es e drogas.<\/p>\n<p>Dentre outros materiais, foram apreendidos uma espingarda de dois canos calibre .28; um rev\u00f3lver calibre .38 com capacidade para cinco muni\u00e7\u00f5es; seis muni\u00e7\u00f5es de fuzil calibre 762, de uso restrito; 14 muni\u00e7\u00f5es de calibre .45, tamb\u00e9m de uso restrito; 13 muni\u00e7\u00f5es calibre .38; oito tabletes de maconha; uma por\u00e7\u00e3o pequena de coca\u00edna e uma por\u00e7\u00e3o grande de pasta base da mesma droga, al\u00e9m de muni\u00e7\u00f5es calibres .40, .380, 12 e 28.<\/p>\n<p>Todo material arrecadado foi encaminhado para a Delegacia de plant\u00e3o. O suspeito n\u00e3o foi localizado.<\/p>\n","protected":false},"excerpt":{"rendered":"<p>A Pol\u00edcia Militar (PM) apreendeu armas, drogas e muni\u00e7\u00f5es em um apartamento na Rua Jos\u00e9 Augusto Campos, no bairro S\u00e3o Benedito, zona Leste de Juiz de Fora, na noite dessa quarta-feira, 18. De acordo com informa\u00e7\u00f5es da corpora\u00e7\u00e3o, os militares faziam patrulhamento pelo bairro quando receberam a den\u00fancia de que um homem estaria armado em [&hellip;]<\/p>\n","protected":false},"author":96,"featured_media":97332,"comment_status":"closed","ping_status":"closed","sticky":false,"template":"","format":"standard","meta":{"footnotes":""},"categories":[253,436],"tags":[],"class_list":["post-97330","post","type-post","status-publish","format-standard","has-post-thumbnail","hentry","category-cidade","category-destaque-da-semana"],"_links":{"self":[{"href":"https:\/\/diarioregionaldigital.com.br\/index.php?rest_route=\/wp\/v2\/posts\/97330","targetHints":{"allow":["GET"]}}],"collection":[{"href":"https:\/\/diarioregionaldigital.com.br\/index.php?rest_route=\/wp\/v2\/posts"}],"about":[{"href":"https:\/\/diarioregionaldigital.com.br\/index.php?rest_route=\/wp\/v2\/types\/post"}],"author":[{"embeddable":true,"href":"https:\/\/diarioregionaldigital.com.br\/index.php?rest_route=\/wp\/v2\/users\/96"}],"replies":[{"embeddable":true,"href":"https:\/\/diarioregionaldigital.com.br\/index.php?rest_route=%2Fwp%2Fv2%2Fcomments&post=97330"}],"version-history":[{"count":0,"href":"https:\/\/diarioregionaldigital.com.br\/index.php?rest_route=\/wp\/v2\/posts\/97330\/revisions"}],"wp:featuredmedia":[{"embeddable":true,"href":"https:\/\/diarioregionaldigital.com.br\/index.php?rest_route=\/wp\/v2\/media\/97332"}],"wp:attachment":[{"href":"https:\/\/diarioregionaldigital.com.br\/index.php?rest_route=%2Fwp%2Fv2%2Fmedia&parent=97330"}],"wp:term":[{"taxonomy":"category","embeddable":true,"href":"https:\/\/diarioregionaldigital.com.br\/index.php?rest_route=%2Fwp%2Fv2%2Fcategories&post=97330"},{"taxonomy":"post_tag","embeddable":true,"href":"https:\/\/diarioregionaldigital.com.br\/index.php?rest_route=%2Fwp%2Fv2%2Ftags&post=97330"}],"curies":[{"name":"wp","href":"https:\/\/api.w.org\/{rel}","templated":true}]}}