{"id":97318,"date":"2018-04-19T06:00:08","date_gmt":"2018-04-19T09:00:08","guid":{"rendered":"http:\/\/diarioregionaljf.com.br\/?p=97318"},"modified":"2018-08-13T20:30:42","modified_gmt":"2018-08-13T23:30:42","slug":"demonstracoes-instituto-maria-2017-publicacao-19-04-18","status":"publish","type":"post","link":"https:\/\/diarioregionaldigital.com.br\/?p=97318","title":{"rendered":"Demonstra\u00e7\u00f5es Instituto Maria 2017 &#8211; Publica\u00e7\u00e3o 19\/04\/18"},"content":{"rendered":"<p><img decoding=\"async\" class=\"alignnone size-full wp-image-97304\" src=\"http:\/\/diarioregionaljf.com.br\/wp-content\/uploads\/2018\/04\/Demonstra\u00e7\u00f5es-INSTITUTO-MARIA-2017.jpg\" alt=\"\" \/><\/p>\n","protected":false},"excerpt":{"rendered":"","protected":false},"author":96,"featured_media":0,"comment_status":"closed","ping_status":"closed","sticky":false,"template":"","format":"standard","meta":{"footnotes":""},"categories":[307],"tags":[],"class_list":["post-97318","post","type-post","status-publish","format-standard","hentry","category-editais"],"_links":{"self":[{"href":"https:\/\/diarioregionaldigital.com.br\/index.php?rest_route=\/wp\/v2\/posts\/97318","targetHints":{"allow":["GET"]}}],"collection":[{"href":"https:\/\/diarioregionaldigital.com.br\/index.php?rest_route=\/wp\/v2\/posts"}],"about":[{"href":"https:\/\/diarioregionaldigital.com.br\/index.php?rest_route=\/wp\/v2\/types\/post"}],"author":[{"embeddable":true,"href":"https:\/\/diarioregionaldigital.com.br\/index.php?rest_route=\/wp\/v2\/users\/96"}],"replies":[{"embeddable":true,"href":"https:\/\/diarioregionaldigital.com.br\/index.php?rest_route=%2Fwp%2Fv2%2Fcomments&post=97318"}],"version-history":[{"count":0,"href":"https:\/\/diarioregionaldigital.com.br\/index.php?rest_route=\/wp\/v2\/posts\/97318\/revisions"}],"wp:attachment":[{"href":"https:\/\/diarioregionaldigital.com.br\/index.php?rest_route=%2Fwp%2Fv2%2Fmedia&parent=97318"}],"wp:term":[{"taxonomy":"category","embeddable":true,"href":"https:\/\/diarioregionaldigital.com.br\/index.php?rest_route=%2Fwp%2Fv2%2Fcategories&post=97318"},{"taxonomy":"post_tag","embeddable":true,"href":"https:\/\/diarioregionaldigital.com.br\/index.php?rest_route=%2Fwp%2Fv2%2Ftags&post=97318"}],"curies":[{"name":"wp","href":"https:\/\/api.w.org\/{rel}","templated":true}]}}