{"id":97307,"date":"2018-04-19T06:00:15","date_gmt":"2018-04-19T09:00:15","guid":{"rendered":"http:\/\/diarioregionaljf.com.br\/?p=97307"},"modified":"2018-08-13T20:30:42","modified_gmt":"2018-08-13T23:30:42","slug":"edital-de-leilao-e-intimacao-matias-barbosa-19-04-18","status":"publish","type":"post","link":"https:\/\/diarioregionaldigital.com.br\/?p=97307","title":{"rendered":"Edital De Leil\u00e3o e Intima\u00e7\u00e3o Matias Barbosa 19\/04\/18"},"content":{"rendered":"<p><img loading=\"lazy\" decoding=\"async\" class=\"aligncenter wp-image-97303\" src=\"http:\/\/diarioregionaljf.com.br\/wp-content\/uploads\/2018\/04\/EDITAL-DE-LEIL\u00c3O-E-INTIMA\u00c7\u00c3O.jpg\" alt=\"\" width=\"500\" height=\"1483\" srcset=\"https:\/\/diarioregionaldigital.com.br\/wp-content\/uploads\/2018\/04\/EDITAL-DE-LEIL\u00c3O-E-INTIMA\u00c7\u00c3O.jpg 775w, https:\/\/diarioregionaldigital.com.br\/wp-content\/uploads\/2018\/04\/EDITAL-DE-LEIL\u00c3O-E-INTIMA\u00c7\u00c3O-101x300.jpg 101w, https:\/\/diarioregionaldigital.com.br\/wp-content\/uploads\/2018\/04\/EDITAL-DE-LEIL\u00c3O-E-INTIMA\u00c7\u00c3O-768x2278.jpg 768w, https:\/\/diarioregionaldigital.com.br\/wp-content\/uploads\/2018\/04\/EDITAL-DE-LEIL\u00c3O-E-INTIMA\u00c7\u00c3O-345x1024.jpg 345w, https:\/\/diarioregionaldigital.com.br\/wp-content\/uploads\/2018\/04\/EDITAL-DE-LEIL\u00c3O-E-INTIMA\u00c7\u00c3O-360x1068.jpg 360w\" sizes=\"auto, (max-width: 500px) 100vw, 500px\" \/><\/p>\n","protected":false},"excerpt":{"rendered":"","protected":false},"author":96,"featured_media":0,"comment_status":"closed","ping_status":"closed","sticky":false,"template":"","format":"standard","meta":{"footnotes":""},"categories":[307],"tags":[],"class_list":["post-97307","post","type-post","status-publish","format-standard","hentry","category-editais"],"_links":{"self":[{"href":"https:\/\/diarioregionaldigital.com.br\/index.php?rest_route=\/wp\/v2\/posts\/97307","targetHints":{"allow":["GET"]}}],"collection":[{"href":"https:\/\/diarioregionaldigital.com.br\/index.php?rest_route=\/wp\/v2\/posts"}],"about":[{"href":"https:\/\/diarioregionaldigital.com.br\/index.php?rest_route=\/wp\/v2\/types\/post"}],"author":[{"embeddable":true,"href":"https:\/\/diarioregionaldigital.com.br\/index.php?rest_route=\/wp\/v2\/users\/96"}],"replies":[{"embeddable":true,"href":"https:\/\/diarioregionaldigital.com.br\/index.php?rest_route=%2Fwp%2Fv2%2Fcomments&post=97307"}],"version-history":[{"count":0,"href":"https:\/\/diarioregionaldigital.com.br\/index.php?rest_route=\/wp\/v2\/posts\/97307\/revisions"}],"wp:attachment":[{"href":"https:\/\/diarioregionaldigital.com.br\/index.php?rest_route=%2Fwp%2Fv2%2Fmedia&parent=97307"}],"wp:term":[{"taxonomy":"category","embeddable":true,"href":"https:\/\/diarioregionaldigital.com.br\/index.php?rest_route=%2Fwp%2Fv2%2Fcategories&post=97307"},{"taxonomy":"post_tag","embeddable":true,"href":"https:\/\/diarioregionaldigital.com.br\/index.php?rest_route=%2Fwp%2Fv2%2Ftags&post=97307"}],"curies":[{"name":"wp","href":"https:\/\/api.w.org\/{rel}","templated":true}]}}