{"id":97305,"date":"2018-04-19T06:00:53","date_gmt":"2018-04-19T09:00:53","guid":{"rendered":"http:\/\/diarioregionaljf.com.br\/?p=97305"},"modified":"2018-08-13T20:30:41","modified_gmt":"2018-08-13T23:30:41","slug":"prefeitura-municipal-de-pirauba-19-04-18","status":"publish","type":"post","link":"https:\/\/diarioregionaldigital.com.br\/?p=97305","title":{"rendered":"Prefeitura Municipal De Pira\u00faba 19\/04\/18"},"content":{"rendered":"<h5><span style=\"font-size: 12pt; font-family: arial, helvetica, sans-serif;\"><span style=\"font-size: 14pt;\"><strong>MUNIC\u00cdPIO DE PIRA\u00daBA \u2013<\/strong><\/span> Publica\u00e7\u00e3o de Licita\u00e7\u00e3o \u2013 Preg\u00e3o Presencial n.\u00ba 023\/2018 \u2013 PRC n.\u00ba 041\/2018 \u2013 Registro de Pre\u00e7os n\u00ba 017\/2018. Objeto: Contrata\u00e7\u00e3o de empresa especializada para presta\u00e7\u00e3o de servi\u00e7os de m\u00e3o de obra de calceteiro, para realiza\u00e7\u00e3o de cal\u00e7amento de diversas ruas do munic\u00edpio, conforme especificado no termo de refer\u00eancia anexo I do edital. Abertura da Licita\u00e7\u00e3o: dia 03\/05\/2018 \u00e0s 12:30 horas. Local: Rua Opem\u00e1, 610 \u2013 Centro \u2013 Pira\u00faba \u2013 MG. O Edital encontra-se dispon\u00edvel nesta Prefeitura no Setor de Compras e Licita\u00e7\u00f5es ou atrav\u00e9s de solicita\u00e7\u00e3o por e-mail compras@pirauba.mg.gov.br. Outras informa\u00e7\u00f5es (32) 3573-1575 no hor\u00e1rio de 12:00 \u00e0s 18:00 horas. Pira\u00faba, MG, aos 18 de Abril de 2018. Adriano Carvalhaes Gravina \u2013 Prefeito Municipal. Fabiana Gon\u00e7alves de Paiva Benevenuto \u2013 Pregoeira.<\/span><\/h5>\n","protected":false},"excerpt":{"rendered":"<p>MUNIC\u00cdPIO DE PIRA\u00daBA \u2013 Publica\u00e7\u00e3o de Licita\u00e7\u00e3o \u2013 Preg\u00e3o Presencial n.\u00ba 023\/2018 \u2013 PRC n.\u00ba 041\/2018 \u2013 Registro de Pre\u00e7os n\u00ba 017\/2018. Objeto: Contrata\u00e7\u00e3o de empresa especializada para presta\u00e7\u00e3o de servi\u00e7os de m\u00e3o de obra de calceteiro, para realiza\u00e7\u00e3o de cal\u00e7amento de diversas ruas do munic\u00edpio, conforme especificado no termo de refer\u00eancia anexo I do [&hellip;]<\/p>\n","protected":false},"author":96,"featured_media":0,"comment_status":"closed","ping_status":"closed","sticky":false,"template":"","format":"standard","meta":{"footnotes":""},"categories":[307],"tags":[],"class_list":["post-97305","post","type-post","status-publish","format-standard","hentry","category-editais"],"_links":{"self":[{"href":"https:\/\/diarioregionaldigital.com.br\/index.php?rest_route=\/wp\/v2\/posts\/97305","targetHints":{"allow":["GET"]}}],"collection":[{"href":"https:\/\/diarioregionaldigital.com.br\/index.php?rest_route=\/wp\/v2\/posts"}],"about":[{"href":"https:\/\/diarioregionaldigital.com.br\/index.php?rest_route=\/wp\/v2\/types\/post"}],"author":[{"embeddable":true,"href":"https:\/\/diarioregionaldigital.com.br\/index.php?rest_route=\/wp\/v2\/users\/96"}],"replies":[{"embeddable":true,"href":"https:\/\/diarioregionaldigital.com.br\/index.php?rest_route=%2Fwp%2Fv2%2Fcomments&post=97305"}],"version-history":[{"count":0,"href":"https:\/\/diarioregionaldigital.com.br\/index.php?rest_route=\/wp\/v2\/posts\/97305\/revisions"}],"wp:attachment":[{"href":"https:\/\/diarioregionaldigital.com.br\/index.php?rest_route=%2Fwp%2Fv2%2Fmedia&parent=97305"}],"wp:term":[{"taxonomy":"category","embeddable":true,"href":"https:\/\/diarioregionaldigital.com.br\/index.php?rest_route=%2Fwp%2Fv2%2Fcategories&post=97305"},{"taxonomy":"post_tag","embeddable":true,"href":"https:\/\/diarioregionaldigital.com.br\/index.php?rest_route=%2Fwp%2Fv2%2Ftags&post=97305"}],"curies":[{"name":"wp","href":"https:\/\/api.w.org\/{rel}","templated":true}]}}