{"id":97264,"date":"2018-04-18T20:51:05","date_gmt":"2018-04-18T23:51:05","guid":{"rendered":"http:\/\/diarioregionaljf.com.br\/?p=97264"},"modified":"2018-04-18T20:51:05","modified_gmt":"2018-04-18T23:51:05","slug":"trabalhador-podera-sacar-recurso-para-comprar-proteses-e-orteses","status":"publish","type":"post","link":"https:\/\/diarioregionaldigital.com.br\/?p=97264","title":{"rendered":"Trabalhador poder\u00e1 sacar recurso para comprar pr\u00f3teses e \u00f3rteses"},"content":{"rendered":"<p>Foi publicado no\u00a0<em>Di\u00e1rio Oficial da Uni\u00e3o\u00a0<\/em>(DOU), o decreto que regulamenta o uso do Fundo de Garantia por Tempo de Servi\u00e7o (FGTS) para a compra de \u00f3rteses e pr\u00f3teses.\u00a0A medida do governo federal tem como objetivo beneficiar os trabalhadores que precisam de pr\u00f3teses diferentes das que j\u00e1 s\u00e3o cobertas pelo SUS. \u00a0Para ter acesso ao recurso, ser\u00e1 necess\u00e1ria a apresenta\u00e7\u00e3o da prescri\u00e7\u00e3o e do laudo m\u00e9dico.<\/p>\n<p>O texto (Decreto n\u00ba 9.345 de 16 de abril de 2018) foi constru\u00eddo pelo Minist\u00e9rio do Trabalho, a Caixa Econ\u00f4mica Federal e a Secretaria Especial dos Direitos da Pessoa com Defici\u00eancia. Segundo o secret\u00e1rio-executivo do Conselho Curador do FGTS no Minist\u00e9rio do Trabalho, Bolivar Tarrag\u00f3, a medida \u00e9 um avan\u00e7o para a sociedade. \u201cJ\u00e1 estava prevista essa possibilidade na lei, mas a regulamenta\u00e7\u00e3o era necess\u00e1ria, tanto para a aplica\u00e7\u00e3o, quanto para estabelecer regras no intuito de prevenir fraudes\u201d, explica.<\/p>\n<p>A partir da publica\u00e7\u00e3o no DOU, a Caixa ter\u00e1 um prazo de 120 dias para implementar as medidas necess\u00e1rias de viabiliza\u00e7\u00e3o para este tipo de saque. \u201cAcreditamos que haver\u00e1 um esfor\u00e7o para que tudo seja colocado em pr\u00e1tica em um prazo menor do que o estabelecido, tendo em vista a relev\u00e2ncia para os trabalhadores\u201d, afirma o secret\u00e1rio.<strong>\u00a0<\/strong><\/p>\n<p>&nbsp;<\/p>\n","protected":false},"excerpt":{"rendered":"<p>Foi publicado no\u00a0Di\u00e1rio Oficial da Uni\u00e3o\u00a0(DOU), o decreto que regulamenta o uso do Fundo de Garantia por Tempo de Servi\u00e7o (FGTS) para a compra de \u00f3rteses e pr\u00f3teses.\u00a0A medida do governo federal tem como objetivo beneficiar os trabalhadores que precisam de pr\u00f3teses diferentes das que j\u00e1 s\u00e3o cobertas pelo SUS. \u00a0Para ter acesso ao recurso, [&hellip;]<\/p>\n","protected":false},"author":96,"featured_media":97267,"comment_status":"closed","ping_status":"closed","sticky":false,"template":"","format":"standard","meta":{"footnotes":""},"categories":[436,261],"tags":[],"class_list":["post-97264","post","type-post","status-publish","format-standard","has-post-thumbnail","hentry","category-destaque-da-semana","category-economia"],"_links":{"self":[{"href":"https:\/\/diarioregionaldigital.com.br\/index.php?rest_route=\/wp\/v2\/posts\/97264","targetHints":{"allow":["GET"]}}],"collection":[{"href":"https:\/\/diarioregionaldigital.com.br\/index.php?rest_route=\/wp\/v2\/posts"}],"about":[{"href":"https:\/\/diarioregionaldigital.com.br\/index.php?rest_route=\/wp\/v2\/types\/post"}],"author":[{"embeddable":true,"href":"https:\/\/diarioregionaldigital.com.br\/index.php?rest_route=\/wp\/v2\/users\/96"}],"replies":[{"embeddable":true,"href":"https:\/\/diarioregionaldigital.com.br\/index.php?rest_route=%2Fwp%2Fv2%2Fcomments&post=97264"}],"version-history":[{"count":0,"href":"https:\/\/diarioregionaldigital.com.br\/index.php?rest_route=\/wp\/v2\/posts\/97264\/revisions"}],"wp:featuredmedia":[{"embeddable":true,"href":"https:\/\/diarioregionaldigital.com.br\/index.php?rest_route=\/wp\/v2\/media\/97267"}],"wp:attachment":[{"href":"https:\/\/diarioregionaldigital.com.br\/index.php?rest_route=%2Fwp%2Fv2%2Fmedia&parent=97264"}],"wp:term":[{"taxonomy":"category","embeddable":true,"href":"https:\/\/diarioregionaldigital.com.br\/index.php?rest_route=%2Fwp%2Fv2%2Fcategories&post=97264"},{"taxonomy":"post_tag","embeddable":true,"href":"https:\/\/diarioregionaldigital.com.br\/index.php?rest_route=%2Fwp%2Fv2%2Ftags&post=97264"}],"curies":[{"name":"wp","href":"https:\/\/api.w.org\/{rel}","templated":true}]}}