{"id":97249,"date":"2018-04-19T06:00:20","date_gmt":"2018-04-19T09:00:20","guid":{"rendered":"http:\/\/diarioregionaljf.com.br\/?p=97249"},"modified":"2018-04-18T19:47:26","modified_gmt":"2018-04-18T22:47:26","slug":"cuidar-da-educacao-e-investir-em-seguranca","status":"publish","type":"post","link":"https:\/\/diarioregionaldigital.com.br\/?p=97249","title":{"rendered":"Cuidar da educa\u00e7\u00e3o \u00e9 investir em seguran\u00e7a"},"content":{"rendered":"<p>Com a criminalidade em crescimento, uma das perguntas mais feitas nos \u00faltimos meses e que ir\u00e1 ser tema de grandes debates durante as elei\u00e7\u00f5es que se aproximam a passos largos \u00e9: como resolver a situa\u00e7\u00e3o da seguran\u00e7a no Brasil? Apesar de curta, est\u00e1 \u00e9 uma quest\u00e3o complexa. N\u00e3o existe s\u00f3 um caminho ou proposta, mas todos eles partem do m\u00eas ponto inicial: investir em educa\u00e7\u00e3o para as nossas crian\u00e7as. Exatamente o que menos fazemos.<\/p>\n<p>Historicamente, a criminalidade nasce da marginaliza\u00e7\u00e3o. No momento em que o Estado para de prover recursos b\u00e1sicos, principalmente ensino de qualidade, a popula\u00e7\u00e3o mais carente n\u00e3o consegue encontrar oportunidades. Este vazio \u00e9 ocupado pelo crime que surge como \u2018\u00fanica chance de vida\u2019. Mudar este c\u00edrculo vicioso com quem j\u00e1 tem \u2018sangue nas m\u00e3os\u2019 \u00e9 muito dif\u00edcil, mas evitar que outros sigam este caminho pode e deve ser a solu\u00e7\u00e3o. Mas o que estamos fazendo para dar oportunidades aos nossos jovens carentes? Quase nada!<\/p>\n<p>Segundo o Minist\u00e9rio da Educa\u00e7\u00e3o, o n\u00famero de matr\u00edculas no Ensino M\u00e9dio caiu 2,5% em 2017, sendo que 84% s\u00e3o de alunos de escola p\u00fablica. Atualmente, existem 1,5 milh\u00e3o de jovens de 15 a 17 anos fora da escola, isso significa 15% da popula\u00e7\u00e3o desta faixa et\u00e1ria.<\/p>\n<p>Falta de escolaridade significa aumento da criminalidade. Isso \u00e9 estat\u00edstico. Dados do Levantamento Nacional de Informa\u00e7\u00f5es Penitenci\u00e1rias (Infopen) mostram que do total de presos no Brasil &#8211; mais de 725 mil pessoas &#8211; 75% n\u00e3o chegaram ao ensino m\u00e9dio e apenas 1% tem forma\u00e7\u00e3o universit\u00e1ria. De todos os presidi\u00e1rios, 55% t\u00eam entre 18 e 29 anos. E esta parcela deve aumentar ainda mais. O \u00faltimo Atlas da Viol\u00eancia produzido pelo Instituto de Pesquisa Econ\u00f4mica Aplicada (Ipea), aponta que 24.628 adolescentes est\u00e3o cumprindo medidas socioeducativas. O aumento foi de 82% em 10 anos. A engrenagem para recrutar mais gente para o crime segue seu fluxo sem interrup\u00e7\u00f5es.<\/p>\n<p>O investimento em seguran\u00e7a, estrutura e fortalecimento de nossas policias n\u00e3o vai bastar se n\u00e3o dermos oportunidade para quem est\u00e1 a margem da sociedade. Nossas crian\u00e7as continuar\u00e3o a migrar para a viol\u00eancia e aumentar cada vez mais a popula\u00e7\u00e3o carcer\u00e1ria ou as estat\u00edsticas de homic\u00eddios.<\/p>\n<p>\u00c9 algo que demora a ser sentido, mas precisa ser feito. Colocar um pano para estancar um vazamento, como vem fazendo mais uma vez as nossas autoridades, ir\u00e1 servir por pouco tempo. O crime se atualiza e encontra novos espa\u00e7os. Logo o pano estar\u00e1 encharcado e \u00e1gua continuar\u00e1 a inundar nosso pa\u00eds.<\/p>\n<p>Educar as crian\u00e7as \u00e9 cuidar do nosso futuro e investir em seguran\u00e7a. Enquanto n\u00e3o olharmos para as pesquisas e dados alarmantes com esta vis\u00e3o, tudo n\u00e3o passar\u00e1 de enxugar gelo. Educa\u00e7\u00e3o \u00e9 o fator decisivo para crescermos como na\u00e7\u00e3o e pararmos de \u2018ganhar medalhas\u2019 em rankings de viol\u00eancia.<\/p>\n<p>&nbsp;<\/p>\n<p>&nbsp;<\/p>\n","protected":false},"excerpt":{"rendered":"<p>Com a criminalidade em crescimento, uma das perguntas mais feitas nos \u00faltimos meses e que ir\u00e1 ser tema de grandes debates durante as elei\u00e7\u00f5es que se aproximam a passos largos \u00e9: como resolver a situa\u00e7\u00e3o da seguran\u00e7a no Brasil? Apesar de curta, est\u00e1 \u00e9 uma quest\u00e3o complexa. N\u00e3o existe s\u00f3 um caminho ou proposta, mas [&hellip;]<\/p>\n","protected":false},"author":96,"featured_media":97250,"comment_status":"closed","ping_status":"closed","sticky":false,"template":"","format":"standard","meta":{"footnotes":""},"categories":[291],"tags":[],"class_list":["post-97249","post","type-post","status-publish","format-standard","has-post-thumbnail","hentry","category-versoes-artigos-de-opiniao"],"_links":{"self":[{"href":"https:\/\/diarioregionaldigital.com.br\/index.php?rest_route=\/wp\/v2\/posts\/97249","targetHints":{"allow":["GET"]}}],"collection":[{"href":"https:\/\/diarioregionaldigital.com.br\/index.php?rest_route=\/wp\/v2\/posts"}],"about":[{"href":"https:\/\/diarioregionaldigital.com.br\/index.php?rest_route=\/wp\/v2\/types\/post"}],"author":[{"embeddable":true,"href":"https:\/\/diarioregionaldigital.com.br\/index.php?rest_route=\/wp\/v2\/users\/96"}],"replies":[{"embeddable":true,"href":"https:\/\/diarioregionaldigital.com.br\/index.php?rest_route=%2Fwp%2Fv2%2Fcomments&post=97249"}],"version-history":[{"count":0,"href":"https:\/\/diarioregionaldigital.com.br\/index.php?rest_route=\/wp\/v2\/posts\/97249\/revisions"}],"wp:featuredmedia":[{"embeddable":true,"href":"https:\/\/diarioregionaldigital.com.br\/index.php?rest_route=\/wp\/v2\/media\/97250"}],"wp:attachment":[{"href":"https:\/\/diarioregionaldigital.com.br\/index.php?rest_route=%2Fwp%2Fv2%2Fmedia&parent=97249"}],"wp:term":[{"taxonomy":"category","embeddable":true,"href":"https:\/\/diarioregionaldigital.com.br\/index.php?rest_route=%2Fwp%2Fv2%2Fcategories&post=97249"},{"taxonomy":"post_tag","embeddable":true,"href":"https:\/\/diarioregionaldigital.com.br\/index.php?rest_route=%2Fwp%2Fv2%2Ftags&post=97249"}],"curies":[{"name":"wp","href":"https:\/\/api.w.org\/{rel}","templated":true}]}}