{"id":97155,"date":"2018-04-19T06:00:57","date_gmt":"2018-04-19T09:00:57","guid":{"rendered":"http:\/\/diarioregionaljf.com.br\/?p=97155"},"modified":"2018-04-19T05:29:41","modified_gmt":"2018-04-19T08:29:41","slug":"97155","status":"publish","type":"post","link":"https:\/\/diarioregionaldigital.com.br\/?p=97155","title":{"rendered":"Bombando"},"content":{"rendered":"<p style=\"text-align: center;\"><strong>Novidade<\/strong><\/p>\n<p style=\"text-align: center;\">Fazendo instala\u00e7\u00e3o natural, o N\u00facleo de Estudos Vibracionais \u201cFlores de Arco-\u00cdris\u201d promove nos dias 28 e 29 de abril o curso de Plantas Medicinais e Campos Saud\u00e1veis, o M\u00f3dulo I com fitoterapia Ocidental. Vem com certificado da Universidade Federal de Vi\u00e7osa. Informa\u00e7\u00f5es com Cec\u00edlia: 98850-9135.<\/p>\n<p style=\"text-align: center;\"><strong>Dica Elegante<\/strong><\/p>\n<p style=\"text-align: center;\">Enriquecendo o jardim po\u00e9tico da Van Cleef &amp; Arpels, a cole\u00e7\u00e3o Frivole assume uma nova est\u00e9tica feminina com uma combina\u00e7\u00e3o de motivos em miniatura e flores generosas em ouro, brilhantes para colares e an\u00e9is.<\/p>\n<p style=\"text-align: center;\"><strong>Cultura<\/strong><\/p>\n<p style=\"text-align: center;\">Vindo direto do Quadro Negro, a escritora Luzia de Maria sabe tudo de livros e afins. Ela vai aterrissar em Juiz de Fora no dia 24 de abril, \u00e0s 8h30, no Sal\u00e3o Nobre do Instituto Vianna J\u00fanior para falar sobre seu livro Amor Liter\u00e1rio.<\/p>\n<p style=\"text-align: center;\"><strong>Recolhendo<\/strong><\/p>\n<p style=\"text-align: center;\">Em boa hora segue at\u00e9 dia 12 de maio a Campanha de Coleta de Lixo Eletr\u00f4nico. O Ponto de Coleta \u00e9 na Biblioteca Redentorista, na Av. dos Andradas n\u00ba 855. O trabalho de volunt\u00e1rios gera seguran\u00e7a e qualidade de vida.<\/p>\n<p style=\"text-align: center;\"><strong>Cadastrando<\/strong><\/p>\n<p style=\"text-align: center;\">Vem com estrutura s\u00f3lida em 2019, a Confer\u00eancia Estadual da CDL. Marcos Casarin comemora muito junto a sua equipe de ouro.<\/p>\n<p style=\"text-align: center;\"><strong>Bombando<\/strong><\/p>\n<p style=\"text-align: center;\">Olha s\u00f3: a cantora Anitta, depois de fazer show nos Estados Unidos, se prepara para se apresentar na Europa. Anunciada como a bomba latina, ela far\u00e1 um show em Paris no dia 26 de junho. O ingresso do show dela \u00e9 mais caro do que o de Caetano Veloso, que se apresenta l\u00e1, em 7 de julho. \u00c9 46,60 euros o dela, contra 27 euros dele. Pode?<\/p>\n<div id=\"attachment_97091\" style=\"width: 690px\" class=\"wp-caption aligncenter\"><img loading=\"lazy\" decoding=\"async\" aria-describedby=\"caption-attachment-97091\" class=\"wp-image-97091\" src=\"http:\/\/diarioregionaljf.com.br\/wp-content\/uploads\/2018\/04\/fotoa-2.jpg\" alt=\"\" width=\"680\" height=\"644\" \/><p id=\"caption-attachment-97091\" class=\"wp-caption-text\">Mulheres lindas e bem-nascidas, em momento social, Fernanda Falabella, Daniela Halfeld e Isabella Montreiul Brand\u00e3o<\/p><\/div>\n<div id=\"attachment_97093\" style=\"width: 690px\" class=\"wp-caption aligncenter\"><img loading=\"lazy\" decoding=\"async\" aria-describedby=\"caption-attachment-97093\" class=\"wp-image-97093\" src=\"http:\/\/diarioregionaljf.com.br\/wp-content\/uploads\/2018\/04\/fotoc-3.jpg\" alt=\"\" width=\"680\" height=\"453\" srcset=\"https:\/\/diarioregionaldigital.com.br\/wp-content\/uploads\/2018\/04\/fotoc-3.jpg 800w, https:\/\/diarioregionaldigital.com.br\/wp-content\/uploads\/2018\/04\/fotoc-3-300x200.jpg 300w, https:\/\/diarioregionaldigital.com.br\/wp-content\/uploads\/2018\/04\/fotoc-3-768x512.jpg 768w, https:\/\/diarioregionaldigital.com.br\/wp-content\/uploads\/2018\/04\/fotoc-3-360x240.jpg 360w\" sizes=\"auto, (max-width: 680px) 100vw, 680px\" \/><p id=\"caption-attachment-97093\" class=\"wp-caption-text\">No transad\u00edssimo Bar Breu, Amarilys Altomar e Aline Moreira<\/p><\/div>\n<div id=\"attachment_97094\" style=\"width: 690px\" class=\"wp-caption aligncenter\"><img loading=\"lazy\" decoding=\"async\" aria-describedby=\"caption-attachment-97094\" class=\"wp-image-97094\" src=\"http:\/\/diarioregionaljf.com.br\/wp-content\/uploads\/2018\/04\/fotod-4-e1524093639503.jpg\" alt=\"\" width=\"680\" height=\"481\" srcset=\"https:\/\/diarioregionaldigital.com.br\/wp-content\/uploads\/2018\/04\/fotod-4-e1524093639503.jpg 848w, https:\/\/diarioregionaldigital.com.br\/wp-content\/uploads\/2018\/04\/fotod-4-e1524093639503-300x212.jpg 300w, https:\/\/diarioregionaldigital.com.br\/wp-content\/uploads\/2018\/04\/fotod-4-e1524093639503-768x543.jpg 768w, https:\/\/diarioregionaldigital.com.br\/wp-content\/uploads\/2018\/04\/fotod-4-e1524093639503-750x530.jpg 750w, https:\/\/diarioregionaldigital.com.br\/wp-content\/uploads\/2018\/04\/fotod-4-e1524093639503-360x255.jpg 360w, https:\/\/diarioregionaldigital.com.br\/wp-content\/uploads\/2018\/04\/fotod-4-e1524093639503-100x70.jpg 100w\" sizes=\"auto, (max-width: 680px) 100vw, 680px\" \/><p id=\"caption-attachment-97094\" class=\"wp-caption-text\">Despedindo do ver\u00e3o em grande estilo, a capotante Renata Hirochberg<\/p><\/div>\n<div id=\"attachment_97096\" style=\"width: 690px\" class=\"wp-caption aligncenter\"><img loading=\"lazy\" decoding=\"async\" aria-describedby=\"caption-attachment-97096\" class=\"wp-image-97096\" src=\"http:\/\/diarioregionaljf.com.br\/wp-content\/uploads\/2018\/04\/fotof-5.jpg\" alt=\"\" width=\"680\" height=\"454\" srcset=\"https:\/\/diarioregionaldigital.com.br\/wp-content\/uploads\/2018\/04\/fotof-5.jpg 684w, https:\/\/diarioregionaldigital.com.br\/wp-content\/uploads\/2018\/04\/fotof-5-300x200.jpg 300w, https:\/\/diarioregionaldigital.com.br\/wp-content\/uploads\/2018\/04\/fotof-5-360x241.jpg 360w\" sizes=\"auto, (max-width: 680px) 100vw, 680px\" \/><p id=\"caption-attachment-97096\" class=\"wp-caption-text\">No Castelo Niversite, as elegantes Andr\u00e9a Pereira e Gisela Ventura<\/p><\/div>\n<div id=\"attachment_97097\" style=\"width: 690px\" class=\"wp-caption aligncenter\"><img loading=\"lazy\" decoding=\"async\" aria-describedby=\"caption-attachment-97097\" class=\"wp-image-97097\" src=\"http:\/\/diarioregionaljf.com.br\/wp-content\/uploads\/2018\/04\/fotog-3-e1524125327856.jpg\" alt=\"\" width=\"680\" height=\"819\" srcset=\"https:\/\/diarioregionaldigital.com.br\/wp-content\/uploads\/2018\/04\/fotog-3-e1524125327856.jpg 638w, https:\/\/diarioregionaldigital.com.br\/wp-content\/uploads\/2018\/04\/fotog-3-e1524125327856-249x300.jpg 249w, https:\/\/diarioregionaldigital.com.br\/wp-content\/uploads\/2018\/04\/fotog-3-e1524125327856-360x433.jpg 360w\" sizes=\"auto, (max-width: 680px) 100vw, 680px\" \/><p id=\"caption-attachment-97097\" class=\"wp-caption-text\">O charme do homem de Juiz de Fora na pele de Rodrigo Pina<\/p><\/div>\n<div id=\"attachment_97098\" style=\"width: 690px\" class=\"wp-caption aligncenter\"><img loading=\"lazy\" decoding=\"async\" aria-describedby=\"caption-attachment-97098\" class=\"wp-image-97098\" src=\"http:\/\/diarioregionaljf.com.br\/wp-content\/uploads\/2018\/04\/fotoh-1-e1524125447894.jpg\" alt=\"\" width=\"680\" height=\"473\" srcset=\"https:\/\/diarioregionaldigital.com.br\/wp-content\/uploads\/2018\/04\/fotoh-1-e1524125447894.jpg 717w, https:\/\/diarioregionaldigital.com.br\/wp-content\/uploads\/2018\/04\/fotoh-1-e1524125447894-300x210.jpg 300w, https:\/\/diarioregionaldigital.com.br\/wp-content\/uploads\/2018\/04\/fotoh-1-e1524125447894-360x251.jpg 360w, https:\/\/diarioregionaldigital.com.br\/wp-content\/uploads\/2018\/04\/fotoh-1-e1524125447894-100x70.jpg 100w\" sizes=\"auto, (max-width: 680px) 100vw, 680px\" \/><p id=\"caption-attachment-97098\" class=\"wp-caption-text\">Em recente festa cheia de glamour no Olympo, Paula Cristina e Cleyton Ulisses<\/p><\/div>\n<div id=\"attachment_97101\" style=\"width: 690px\" class=\"wp-caption aligncenter\"><img loading=\"lazy\" decoding=\"async\" aria-describedby=\"caption-attachment-97101\" class=\"wp-image-97101\" src=\"http:\/\/diarioregionaljf.com.br\/wp-content\/uploads\/2018\/04\/fotoi-2-e1524125683678.jpg\" alt=\"\" width=\"680\" height=\"653\" srcset=\"https:\/\/diarioregionaldigital.com.br\/wp-content\/uploads\/2018\/04\/fotoi-2-e1524125683678.jpg 800w, https:\/\/diarioregionaldigital.com.br\/wp-content\/uploads\/2018\/04\/fotoi-2-e1524125683678-300x288.jpg 300w, https:\/\/diarioregionaldigital.com.br\/wp-content\/uploads\/2018\/04\/fotoi-2-e1524125683678-768x737.jpg 768w, https:\/\/diarioregionaldigital.com.br\/wp-content\/uploads\/2018\/04\/fotoi-2-e1524125683678-360x346.jpg 360w\" sizes=\"auto, (max-width: 680px) 100vw, 680px\" \/><p id=\"caption-attachment-97101\" class=\"wp-caption-text\">Festejando a vida na Trend, Felipe Bolpato e Michele Rimiere<\/p><\/div>\n<div id=\"attachment_97102\" style=\"width: 690px\" class=\"wp-caption aligncenter\"><img loading=\"lazy\" decoding=\"async\" aria-describedby=\"caption-attachment-97102\" class=\"wp-image-97102\" src=\"http:\/\/diarioregionaljf.com.br\/wp-content\/uploads\/2018\/04\/fotob-5.jpg\" alt=\"\" width=\"680\" height=\"680\" srcset=\"https:\/\/diarioregionaldigital.com.br\/wp-content\/uploads\/2018\/04\/fotob-5.jpg 960w, https:\/\/diarioregionaldigital.com.br\/wp-content\/uploads\/2018\/04\/fotob-5-150x150.jpg 150w, https:\/\/diarioregionaldigital.com.br\/wp-content\/uploads\/2018\/04\/fotob-5-300x300.jpg 300w, https:\/\/diarioregionaldigital.com.br\/wp-content\/uploads\/2018\/04\/fotob-5-768x768.jpg 768w, https:\/\/diarioregionaldigital.com.br\/wp-content\/uploads\/2018\/04\/fotob-5-180x180.jpg 180w, https:\/\/diarioregionaldigital.com.br\/wp-content\/uploads\/2018\/04\/fotob-5-600x600.jpg 600w, https:\/\/diarioregionaldigital.com.br\/wp-content\/uploads\/2018\/04\/fotob-5-120x120.jpg 120w, https:\/\/diarioregionaldigital.com.br\/wp-content\/uploads\/2018\/04\/fotob-5-360x360.jpg 360w, https:\/\/diarioregionaldigital.com.br\/wp-content\/uploads\/2018\/04\/fotob-5-80x80.jpg 80w\" sizes=\"auto, (max-width: 680px) 100vw, 680px\" \/><p id=\"caption-attachment-97102\" class=\"wp-caption-text\">Em momento tiete os queridos Rakel Koch torres com o filho Rafael Koch Torres<\/p><\/div>\n<div id=\"attachment_97103\" style=\"width: 690px\" class=\"wp-caption aligncenter\"><img loading=\"lazy\" decoding=\"async\" aria-describedby=\"caption-attachment-97103\" class=\"wp-image-97103\" src=\"http:\/\/diarioregionaljf.com.br\/wp-content\/uploads\/2018\/04\/fotoe-3-e1524125862826.jpg\" alt=\"\" width=\"680\" height=\"467\" srcset=\"https:\/\/diarioregionaldigital.com.br\/wp-content\/uploads\/2018\/04\/fotoe-3-e1524125862826.jpg 800w, https:\/\/diarioregionaldigital.com.br\/wp-content\/uploads\/2018\/04\/fotoe-3-e1524125862826-300x206.jpg 300w, https:\/\/diarioregionaldigital.com.br\/wp-content\/uploads\/2018\/04\/fotoe-3-e1524125862826-768x527.jpg 768w, https:\/\/diarioregionaldigital.com.br\/wp-content\/uploads\/2018\/04\/fotoe-3-e1524125862826-360x247.jpg 360w, https:\/\/diarioregionaldigital.com.br\/wp-content\/uploads\/2018\/04\/fotoe-3-e1524125862826-100x70.jpg 100w\" sizes=\"auto, (max-width: 680px) 100vw, 680px\" \/><p id=\"caption-attachment-97103\" class=\"wp-caption-text\">A elegante Beth Urgal recebeu este colunista para o delicioso almo\u00e7o do Card\u00e1pio Mineiro<\/p><\/div>\n<div id=\"attachment_97153\" style=\"width: 690px\" class=\"wp-caption aligncenter\"><img loading=\"lazy\" decoding=\"async\" aria-describedby=\"caption-attachment-97153\" class=\"wp-image-97153\" src=\"http:\/\/diarioregionaljf.com.br\/wp-content\/uploads\/2018\/04\/fotoaa-4.jpg\" alt=\"\" width=\"680\" height=\"510\" srcset=\"https:\/\/diarioregionaldigital.com.br\/wp-content\/uploads\/2018\/04\/fotoaa-4.jpg 960w, https:\/\/diarioregionaldigital.com.br\/wp-content\/uploads\/2018\/04\/fotoaa-4-300x225.jpg 300w, https:\/\/diarioregionaldigital.com.br\/wp-content\/uploads\/2018\/04\/fotoaa-4-768x576.jpg 768w, https:\/\/diarioregionaldigital.com.br\/wp-content\/uploads\/2018\/04\/fotoaa-4-360x270.jpg 360w\" sizes=\"auto, (max-width: 680px) 100vw, 680px\" \/><p id=\"caption-attachment-97153\" class=\"wp-caption-text\">Gente linda de comunica\u00e7\u00e3o com J\u00e9ssica Pereira e Felipe Carvalho no Conservat\u00f3rio Estadual de M\u00fasica Haide\u00e8 Fran\u00e7a Americano , com a cantora Fernanda Takai<\/p><\/div>\n<div id=\"attachment_97100\" style=\"width: 690px\" class=\"wp-caption aligncenter\"><img loading=\"lazy\" decoding=\"async\" aria-describedby=\"caption-attachment-97100\" class=\"wp-image-97100\" src=\"http:\/\/diarioregionaljf.com.br\/wp-content\/uploads\/2018\/04\/fotoj-1-e1524126005881.jpg\" alt=\"\" width=\"680\" height=\"653\" srcset=\"https:\/\/diarioregionaldigital.com.br\/wp-content\/uploads\/2018\/04\/fotoj-1-e1524126005881.jpg 800w, https:\/\/diarioregionaldigital.com.br\/wp-content\/uploads\/2018\/04\/fotoj-1-e1524126005881-300x288.jpg 300w, https:\/\/diarioregionaldigital.com.br\/wp-content\/uploads\/2018\/04\/fotoj-1-e1524126005881-768x737.jpg 768w, https:\/\/diarioregionaldigital.com.br\/wp-content\/uploads\/2018\/04\/fotoj-1-e1524126005881-360x346.jpg 360w\" sizes=\"auto, (max-width: 680px) 100vw, 680px\" \/><p id=\"caption-attachment-97100\" class=\"wp-caption-text\">A capotante e linda Brida Paraguass\u00fa, em estilo chique com acess\u00f3rios by Candy<\/p><\/div>\n<p style=\"text-align: center;\"><strong>FOTOSS\u00cdNTESE<\/strong><\/p>\n<p>Din\u00e2mica e competente, a m\u00e9dica Renata Cristina Teixeira Ribeiro, foi a convidada especial de abril para a 185\u00ba Sess\u00e3o Cl\u00ednica do Hospital Monte Sinai. Ela abordou o tema \u201cCuidados paliativos\u201d, com uma super plateia. O mediador foi coordenador da UTI \u2013 Adulto do Monte Sinai, Edmilson Pereira de Almeida.<\/p>\n<p>O conferencista e m\u00e9dico Lair Ribeiro recebeu em Maring\u00e1 (PR) o pr\u00eamio pelo sucesso da p\u00f3s-gradua\u00e7\u00e3o em \u201cPreven\u00e7\u00e3o e tratamento de doen\u00e7as relacionadas a idade\u201d aprovada pelo MEC. Foi no Centro Universit\u00e1rio Ing\u00e1 (Uning\u00e1).<\/p>\n<p>Para o V Semin\u00e1rio Internacional de Educa\u00e7\u00e3o contempor\u00e2nea SIEC \u2013 2018 \u2013 Cidades educam, escolas humanizam, de 17 a 19 de maio, no Gran Victory, aterrissa em Juiz de Fora, o palestrante Braulio Bessa. O tema ser\u00e1 \u201cA sensibilidade po\u00e9tica e a forma\u00e7\u00e3o para cidadania: um caminho para combate a intoler\u00e2ncia e cultuar a paz\u201d.<\/p>\n<p>Os incr\u00edveis Aur\u00e9lio Marangon, Ricardo Kamil Malta, Lessandro Herbert, Leomar Delgado e Jos\u00e9 Eduardo Modesto participaram em S\u00e3o Paulo da Feicon e 24\u00ba Sal\u00e3o Internacional da Constru\u00e7\u00e3o e Arquitetura. Eles foram recebidos por Eduardo Louren\u00e7o Borges, no Hotel Excelsior.<\/p>\n<p>Al\u00e7ados e grandes homens da era moderna em Juiz de Fora, o colunista Cesar Romero e o empres\u00e1rio Jos\u00e9 Carlos Passos (Z\u00e9 Kodak), foram homenageados pelo Tem. Almeida e o Cabo Leonardo Perdig\u00e3o da Pol\u00edcia Militar com o Diploma de Cooperador, pela participa\u00e7\u00e3o na blitz educativa da opera\u00e7\u00e3o de carnaval. Merecido.<\/p>\n<p>Os advogados Raphaela Braz Pereira e Felipe Fortuna real\u00e7aram eleg\u00e2ncia no Beach Day na Pousada Aldeia do Sol, em Trancoso (BA). Tudo por conta do casamento de Camila Braga e Virg\u00edlio Barros.<\/p>\n<p>A suprema anuncia que abriu inscri\u00e7\u00f5es at\u00e9 dia 14 de maio, para o vestibular de enfermagem, farm\u00e1cia, fisioterapia, medicina e odontologia.<\/p>\n<p>Circulando lindos pelos lugares chiques da cidade, o casal Tahais de Landa Gon\u00e7alves e Hugo Franzone.<\/p>\n<p>Aten\u00e7\u00e3o: primeira edi\u00e7\u00e3o do Cozinha Urbana desembarca na Pra\u00e7a do Bom Pastor nos dias 20, 21 e 22 de abril e vai servir comida de rua. Com m\u00fasica ao vivo, dentre del\u00edcias ter\u00e1 gastronomia alem\u00e3 do Das Haus e Glatos da Sublime.<\/p>\n<p>Para ficar antenado: a Gentileza \u00e9 como um pretinho b\u00e1sico&#8230; n\u00e3o tem como errar!!! Bom dia.<\/p>\n","protected":false},"excerpt":{"rendered":"<p>Novidade Fazendo instala\u00e7\u00e3o natural, o N\u00facleo de Estudos Vibracionais \u201cFlores de Arco-\u00cdris\u201d promove nos dias 28 e 29 de abril o curso de Plantas Medicinais e Campos Saud\u00e1veis, o M\u00f3dulo I com fitoterapia Ocidental. Vem com certificado da Universidade Federal de Vi\u00e7osa. Informa\u00e7\u00f5es com Cec\u00edlia: 98850-9135. Dica Elegante Enriquecendo o jardim po\u00e9tico da Van Cleef [&hellip;]<\/p>\n","protected":false},"author":96,"featured_media":97091,"comment_status":"closed","ping_status":"closed","sticky":false,"template":"","format":"standard","meta":{"footnotes":""},"categories":[264],"tags":[],"class_list":["post-97155","post","type-post","status-publish","format-standard","has-post-thumbnail","hentry","category-eduardo-gomes"],"_links":{"self":[{"href":"https:\/\/diarioregionaldigital.com.br\/index.php?rest_route=\/wp\/v2\/posts\/97155","targetHints":{"allow":["GET"]}}],"collection":[{"href":"https:\/\/diarioregionaldigital.com.br\/index.php?rest_route=\/wp\/v2\/posts"}],"about":[{"href":"https:\/\/diarioregionaldigital.com.br\/index.php?rest_route=\/wp\/v2\/types\/post"}],"author":[{"embeddable":true,"href":"https:\/\/diarioregionaldigital.com.br\/index.php?rest_route=\/wp\/v2\/users\/96"}],"replies":[{"embeddable":true,"href":"https:\/\/diarioregionaldigital.com.br\/index.php?rest_route=%2Fwp%2Fv2%2Fcomments&post=97155"}],"version-history":[{"count":0,"href":"https:\/\/diarioregionaldigital.com.br\/index.php?rest_route=\/wp\/v2\/posts\/97155\/revisions"}],"wp:featuredmedia":[{"embeddable":true,"href":"https:\/\/diarioregionaldigital.com.br\/index.php?rest_route=\/wp\/v2\/media\/97091"}],"wp:attachment":[{"href":"https:\/\/diarioregionaldigital.com.br\/index.php?rest_route=%2Fwp%2Fv2%2Fmedia&parent=97155"}],"wp:term":[{"taxonomy":"category","embeddable":true,"href":"https:\/\/diarioregionaldigital.com.br\/index.php?rest_route=%2Fwp%2Fv2%2Fcategories&post=97155"},{"taxonomy":"post_tag","embeddable":true,"href":"https:\/\/diarioregionaldigital.com.br\/index.php?rest_route=%2Fwp%2Fv2%2Ftags&post=97155"}],"curies":[{"name":"wp","href":"https:\/\/api.w.org\/{rel}","templated":true}]}}