{"id":97008,"date":"2018-04-17T12:31:36","date_gmt":"2018-04-17T15:31:36","guid":{"rendered":"http:\/\/diarioregionaljf.com.br\/?p=97008"},"modified":"2018-04-17T12:31:36","modified_gmt":"2018-04-17T15:31:36","slug":"pc-prende-suspeito-de-vender-cocaina-e-material-para-refino-da-droga-no-marilandia","status":"publish","type":"post","link":"https:\/\/diarioregionaldigital.com.br\/?p=97008","title":{"rendered":"PC prende suspeito de vender coca\u00edna e material para refino da droga no Maril\u00e2ndia"},"content":{"rendered":"<p>A Pol\u00edcia Civil de Minas Gerais atrav\u00e9s do 4\u00ba Departamento de Pol\u00edcia Civil, 1\u00aa DRPC de Juiz de Fora-MG, atrav\u00e9s da Delegacia Especializada Antidrogas realizou nessa segunda-feira, 16, a opera\u00e7\u00e3o Mistura Fina, atrav\u00e9s do cumprimento de mandado de busca e apreens\u00e3o no bairro Maril\u00e2ndia, zona Oeste da cidade.<br \/>\nAp\u00f3s cerca de dois meses de investiga\u00e7\u00f5es a Delegacia Antidrogas apurou que o suspeito, conhecido como &#8220;Bonit\u00e3o&#8221;, comercializava em seu endere\u00e7o coca\u00edna e insumos para refino da droga.<\/p>\n<p>Edmo Alexandre Muniz, de 46 anos, apresentava padr\u00e3o de vida totalmente incompat\u00edvel com suas ocupa\u00e7\u00f5es l\u00edcitas, tendo, inclusive, 5 ve\u00edculos e dois im\u00f3veis.<\/p>\n<p>No final da tarde, a equipe deu cumprimento ao mandado de busca e apreens\u00e3o localizando drogas, grande quantidade de material para refino, al\u00e9m de armas de fogo vasta quantidade de muni\u00e7\u00f5es. Dentre os materiais apreendidos estavam 3 pacotes de coca\u00edna em p\u00f3; 1 barra de pasta base de coca\u00edna; 5 sacos de cafe\u00edna; 2 balan\u00e7as; um Corolla; um VW\/Saveiro;  um GM\/ Classic; um VW\/Golf; um Pegeout 406; um rev\u00f3lver calibre 38; 14 muni\u00e7\u00f5es de 9 mm; 52 muni\u00e7\u00f5es de .40; 33 muni\u00e7\u00f5es de calibre 38; R$ 5.370; al\u00e9m de uma grande quantidade e variedade de itens qu\u00edmicos utilizados em refino de drogas.<\/p>\n<p>O delegado titular da DEA\/DENARC, Rog\u00e9rio Woyame, ressalta que mais uma vez os policiais da delegacia se empenharam n\u00e3o s\u00f3 em esclarecer quem s\u00e3o os traficantes, mas tamb\u00e9m em identificar os proveitos de tais crimes. Sendo uma maneira mais eficiente no combate ao narcotr\u00e1fico.<\/p>\n<p>Fonte: Assessoria \/ Pol\u00edcia Civil<\/p>\n","protected":false},"excerpt":{"rendered":"<p>A Pol\u00edcia Civil de Minas Gerais atrav\u00e9s do 4\u00ba Departamento de Pol\u00edcia Civil, 1\u00aa DRPC de Juiz de Fora-MG, atrav\u00e9s da Delegacia Especializada Antidrogas realizou nessa segunda-feira, 16, a opera\u00e7\u00e3o Mistura Fina, atrav\u00e9s do cumprimento de mandado de busca e apreens\u00e3o no bairro Maril\u00e2ndia, zona Oeste da cidade. Ap\u00f3s cerca de dois meses de investiga\u00e7\u00f5es [&hellip;]<\/p>\n","protected":false},"author":96,"featured_media":97009,"comment_status":"closed","ping_status":"closed","sticky":false,"template":"","format":"standard","meta":{"footnotes":""},"categories":[253,440],"tags":[],"class_list":["post-97008","post","type-post","status-publish","format-standard","has-post-thumbnail","hentry","category-cidade","category-destaques-do-dia"],"_links":{"self":[{"href":"https:\/\/diarioregionaldigital.com.br\/index.php?rest_route=\/wp\/v2\/posts\/97008","targetHints":{"allow":["GET"]}}],"collection":[{"href":"https:\/\/diarioregionaldigital.com.br\/index.php?rest_route=\/wp\/v2\/posts"}],"about":[{"href":"https:\/\/diarioregionaldigital.com.br\/index.php?rest_route=\/wp\/v2\/types\/post"}],"author":[{"embeddable":true,"href":"https:\/\/diarioregionaldigital.com.br\/index.php?rest_route=\/wp\/v2\/users\/96"}],"replies":[{"embeddable":true,"href":"https:\/\/diarioregionaldigital.com.br\/index.php?rest_route=%2Fwp%2Fv2%2Fcomments&post=97008"}],"version-history":[{"count":0,"href":"https:\/\/diarioregionaldigital.com.br\/index.php?rest_route=\/wp\/v2\/posts\/97008\/revisions"}],"wp:featuredmedia":[{"embeddable":true,"href":"https:\/\/diarioregionaldigital.com.br\/index.php?rest_route=\/wp\/v2\/media\/97009"}],"wp:attachment":[{"href":"https:\/\/diarioregionaldigital.com.br\/index.php?rest_route=%2Fwp%2Fv2%2Fmedia&parent=97008"}],"wp:term":[{"taxonomy":"category","embeddable":true,"href":"https:\/\/diarioregionaldigital.com.br\/index.php?rest_route=%2Fwp%2Fv2%2Fcategories&post=97008"},{"taxonomy":"post_tag","embeddable":true,"href":"https:\/\/diarioregionaldigital.com.br\/index.php?rest_route=%2Fwp%2Fv2%2Ftags&post=97008"}],"curies":[{"name":"wp","href":"https:\/\/api.w.org\/{rel}","templated":true}]}}