{"id":96237,"date":"2018-04-10T21:53:59","date_gmt":"2018-04-11T00:53:59","guid":{"rendered":"http:\/\/diarioregionaljf.com.br\/2018\/04\/10\/sabincor-convocacao-ago-13-04-18\/"},"modified":"2018-04-10T21:53:59","modified_gmt":"2018-04-11T00:53:59","slug":"sabincor-convocacao-ago-13-04-18","status":"publish","type":"post","link":"https:\/\/diarioregionaldigital.com.br\/?p=96237","title":{"rendered":"Sabincor Convoca\u00e7\u00e3o AGO 13\/04\/18"},"content":{"rendered":"<p class=\"h4\" style=\"text-align: justify;\">CENTRO DE INVESTIGA\u00c7\u00c3O DIAGN\u00d3STICA CARDIOVASCULAR DIGITAL DE JUIZ DE FORA LTDA\u2013 SABINCOR (C.N.P.J. sob o n\u00ba 01.794.706\/0001-35) &#8211; CONVOCA\u00c7\u00c3O PARA ASSEMBL\u00c9IA GERAL ORDIN\u00c1RIA:<\/p>\n<p>Ficam convocados todos os s\u00f3cios para se reunirem em Assembl\u00e9ia Geral Ordin\u00e1ria, a realizar-se no dia 25 de abril de 2018, em 1\u00aa convoca\u00e7\u00e3o, \u00e0s 19:30 horas, e, em 2\u00aa convoca\u00e7\u00e3o, \u00e0s 20:30 horas, no Anfiteatro do Hospital Albert Sabin, para tratarem dos seguintes assuntos:<\/p>\n<p>1) Apresenta\u00e7\u00e3o da Contabilidade referente ao exerc\u00edcio de 2017;<br \/>2) Relat\u00f3rio Financeiro de 2017;<br \/>3) Avalia\u00e7\u00e3o sobre o destino do Aparelho de Hemodin\u00e2mica modelo H5000;<br \/>4) Aprova\u00e7\u00e3o do balan\u00e7o referente ao exerc\u00edcio de 2017;<br \/>5) Composi\u00e7\u00e3o e elei\u00e7\u00e3o do Conselho Fiscal<br \/>6)Aprova\u00e7\u00e3o de nova metodologia de aprova\u00e7\u00e3o das contas do Sabincor, ao t\u00e9rmino de cada m\u00eas.<\/p>\n<p>Juiz de Fora, 10 de abril de 2018. Dr. Jos\u00e9 Ant\u00f4nio de Souza Vieira &#8211; Diretor-Presidente do SABINCOR<\/p>\n<p style=\"text-align: center;\">&nbsp;<\/p>\n<p style=\"text-align: center;\">&nbsp;<\/p>\n","protected":false},"excerpt":{"rendered":"<p>CENTRO DE INVESTIGA\u00c7\u00c3O DIAGN\u00d3STICA CARDIOVASCULAR DIGITAL DE JUIZ DE FORA LTDA\u2013 SABINCOR (C.N.P.J. sob o n\u00ba 01.794.706\/0001-35) &#8211; CONVOCA\u00c7\u00c3O PARA ASSEMBL\u00c9IA GERAL ORDIN\u00c1RIA: Ficam convocados todos os s\u00f3cios para se reunirem em Assembl\u00e9ia Geral Ordin\u00e1ria, a realizar-se no dia 25 de abril de 2018, em 1\u00aa convoca\u00e7\u00e3o, \u00e0s 19:30 horas, e, em 2\u00aa convoca\u00e7\u00e3o, \u00e0s [&hellip;]<\/p>\n","protected":false},"author":96,"featured_media":0,"comment_status":"closed","ping_status":"closed","sticky":false,"template":"","format":"standard","meta":{"footnotes":""},"categories":[307],"tags":[],"class_list":["post-96237","post","type-post","status-publish","format-standard","hentry","category-editais"],"_links":{"self":[{"href":"https:\/\/diarioregionaldigital.com.br\/index.php?rest_route=\/wp\/v2\/posts\/96237","targetHints":{"allow":["GET"]}}],"collection":[{"href":"https:\/\/diarioregionaldigital.com.br\/index.php?rest_route=\/wp\/v2\/posts"}],"about":[{"href":"https:\/\/diarioregionaldigital.com.br\/index.php?rest_route=\/wp\/v2\/types\/post"}],"author":[{"embeddable":true,"href":"https:\/\/diarioregionaldigital.com.br\/index.php?rest_route=\/wp\/v2\/users\/96"}],"replies":[{"embeddable":true,"href":"https:\/\/diarioregionaldigital.com.br\/index.php?rest_route=%2Fwp%2Fv2%2Fcomments&post=96237"}],"version-history":[{"count":0,"href":"https:\/\/diarioregionaldigital.com.br\/index.php?rest_route=\/wp\/v2\/posts\/96237\/revisions"}],"wp:attachment":[{"href":"https:\/\/diarioregionaldigital.com.br\/index.php?rest_route=%2Fwp%2Fv2%2Fmedia&parent=96237"}],"wp:term":[{"taxonomy":"category","embeddable":true,"href":"https:\/\/diarioregionaldigital.com.br\/index.php?rest_route=%2Fwp%2Fv2%2Fcategories&post=96237"},{"taxonomy":"post_tag","embeddable":true,"href":"https:\/\/diarioregionaldigital.com.br\/index.php?rest_route=%2Fwp%2Fv2%2Ftags&post=96237"}],"curies":[{"name":"wp","href":"https:\/\/api.w.org\/{rel}","templated":true}]}}