{"id":96236,"date":"2018-04-12T22:44:37","date_gmt":"2018-04-13T01:44:37","guid":{"rendered":"http:\/\/diarioregionaljf.com.br\/2018\/04\/12\/prefeitura-municipal-de-tocantins-13-04-18\/"},"modified":"2018-08-13T20:31:02","modified_gmt":"2018-08-13T23:31:02","slug":"prefeitura-municipal-de-tocantins-13-04-18","status":"publish","type":"post","link":"https:\/\/diarioregionaldigital.com.br\/?p=96236","title":{"rendered":"Prefeitura Municipal de Tocantins 13\/04\/18"},"content":{"rendered":"<p style=\"text-align: center;\"><span class=\"h4\">PREFEITURA MUNICIPAL DE TOCANTINS<\/span><br \/>A CPL serve do presente para intimar a empresa Menjivar, Almeida, Correa e Marim Sociedade de Advogados, CNPJ n\u00ba 26.488.548\/0001-16 que, encontra-se aberto at\u00e9 o dia 19\/04\/2018 o prazo para apresenta\u00e7\u00e3o da documenta\u00e7\u00e3o exigida no Edital do processo licitat\u00f3rio n\u00ba 027\/2018 na modalidade TP n\u00ba 002\/2018 para efeito de credenciamento, considerando suprida a exig\u00eancia da apresenta\u00e7\u00e3o de certid\u00e3o de registro da pessoa jur\u00eddica na OAB, item 1.1.2 do Anexo 08, nos termos da decis\u00e3o proferida nos autos do processo n\u00ba 5000849-57.2018.8.13.0699. Tocantins (MG), 12 de abril de 2018. Jansen Paschoalino Rocha.<\/p>\n","protected":false},"excerpt":{"rendered":"<p>PREFEITURA MUNICIPAL DE TOCANTINSA CPL serve do presente para intimar a empresa Menjivar, Almeida, Correa e Marim Sociedade de Advogados, CNPJ n\u00ba 26.488.548\/0001-16 que, encontra-se aberto at\u00e9 o dia 19\/04\/2018 o prazo para apresenta\u00e7\u00e3o da documenta\u00e7\u00e3o exigida no Edital do processo licitat\u00f3rio n\u00ba 027\/2018 na modalidade TP n\u00ba 002\/2018 para efeito de credenciamento, considerando suprida [&hellip;]<\/p>\n","protected":false},"author":96,"featured_media":0,"comment_status":"closed","ping_status":"closed","sticky":false,"template":"","format":"standard","meta":{"footnotes":""},"categories":[307],"tags":[],"class_list":["post-96236","post","type-post","status-publish","format-standard","hentry","category-editais"],"_links":{"self":[{"href":"https:\/\/diarioregionaldigital.com.br\/index.php?rest_route=\/wp\/v2\/posts\/96236","targetHints":{"allow":["GET"]}}],"collection":[{"href":"https:\/\/diarioregionaldigital.com.br\/index.php?rest_route=\/wp\/v2\/posts"}],"about":[{"href":"https:\/\/diarioregionaldigital.com.br\/index.php?rest_route=\/wp\/v2\/types\/post"}],"author":[{"embeddable":true,"href":"https:\/\/diarioregionaldigital.com.br\/index.php?rest_route=\/wp\/v2\/users\/96"}],"replies":[{"embeddable":true,"href":"https:\/\/diarioregionaldigital.com.br\/index.php?rest_route=%2Fwp%2Fv2%2Fcomments&post=96236"}],"version-history":[{"count":0,"href":"https:\/\/diarioregionaldigital.com.br\/index.php?rest_route=\/wp\/v2\/posts\/96236\/revisions"}],"wp:attachment":[{"href":"https:\/\/diarioregionaldigital.com.br\/index.php?rest_route=%2Fwp%2Fv2%2Fmedia&parent=96236"}],"wp:term":[{"taxonomy":"category","embeddable":true,"href":"https:\/\/diarioregionaldigital.com.br\/index.php?rest_route=%2Fwp%2Fv2%2Fcategories&post=96236"},{"taxonomy":"post_tag","embeddable":true,"href":"https:\/\/diarioregionaldigital.com.br\/index.php?rest_route=%2Fwp%2Fv2%2Ftags&post=96236"}],"curies":[{"name":"wp","href":"https:\/\/api.w.org\/{rel}","templated":true}]}}