{"id":96234,"date":"2018-04-12T22:42:04","date_gmt":"2018-04-13T01:42:04","guid":{"rendered":"http:\/\/diarioregionaljf.com.br\/2018\/04\/12\/cartorio-benfica-13-04-18\/"},"modified":"2018-08-13T20:31:02","modified_gmt":"2018-08-13T23:31:02","slug":"cartorio-benfica-13-04-18","status":"publish","type":"post","link":"https:\/\/diarioregionaldigital.com.br\/?p=96234","title":{"rendered":"Cart\u00f3rio Benfica 13\/04\/18"},"content":{"rendered":"<p class=\"h4\">REP\u00daBLICA FEDERATIVA DO BRASIL ESTADO DE MINAS GERAIS<\/p>\n<p class=\"h4\">Cart\u00f3rio de Registro Civil 3\u00ba Subdistrito &#8211; Juiz de Fora MG<br \/>Oficial Titular: Mariana Sad Albuquerque e Castro<br \/>Rua Tom\u00e9 de Souza, 49 &#8211; Lj 03 Benfica<br \/>36090270 &#8211; Juiz de Fora &#8211; MG<\/p>\n<p>Faz saber que pretendem casar-se:<br \/>01 &#8211; RAUL XAVIER MAIA, resid\u00eancia Rua da Esta\u00e7\u00e3o, 155, Igrejinha, Juiz de Fora-MG e KARLA KRISTHIAN DA SILVA ALMEIDA, resid\u00eancia Rua da Esta\u00e7\u00e3o, 26, Igrejinha, Juiz de Fora-MG.<\/p>\n<p>Os contraentes apresentaram os documentos exigidos pelo art.1525 do C\u00f3digo Civil Brasileiro. Se algu\u00e9m souber de algum impedimento, que os impe\u00e7am de se casar, que o fa\u00e7a na forma da Lei:<\/p>\n<p>Juiz de Fora , 11\/04\/2018<\/p>\n<p class=\"h5\">MARIANA SAD ALBUQUERQUE E CASTRO<br \/>Oficial do Registro Civil<br \/>Cartosoft &#8211; Automa\u00e7\u00e3o de Cart\u00f3rios do Registro Civil www.cartosoft.com.br<\/p>\n","protected":false},"excerpt":{"rendered":"<p>REP\u00daBLICA FEDERATIVA DO BRASIL ESTADO DE MINAS GERAIS Cart\u00f3rio de Registro Civil 3\u00ba Subdistrito &#8211; Juiz de Fora MGOficial Titular: Mariana Sad Albuquerque e CastroRua Tom\u00e9 de Souza, 49 &#8211; Lj 03 Benfica36090270 &#8211; Juiz de Fora &#8211; MG Faz saber que pretendem casar-se:01 &#8211; RAUL XAVIER MAIA, resid\u00eancia Rua da Esta\u00e7\u00e3o, 155, Igrejinha, Juiz [&hellip;]<\/p>\n","protected":false},"author":96,"featured_media":0,"comment_status":"closed","ping_status":"closed","sticky":false,"template":"","format":"standard","meta":{"footnotes":""},"categories":[307],"tags":[],"class_list":["post-96234","post","type-post","status-publish","format-standard","hentry","category-editais"],"_links":{"self":[{"href":"https:\/\/diarioregionaldigital.com.br\/index.php?rest_route=\/wp\/v2\/posts\/96234","targetHints":{"allow":["GET"]}}],"collection":[{"href":"https:\/\/diarioregionaldigital.com.br\/index.php?rest_route=\/wp\/v2\/posts"}],"about":[{"href":"https:\/\/diarioregionaldigital.com.br\/index.php?rest_route=\/wp\/v2\/types\/post"}],"author":[{"embeddable":true,"href":"https:\/\/diarioregionaldigital.com.br\/index.php?rest_route=\/wp\/v2\/users\/96"}],"replies":[{"embeddable":true,"href":"https:\/\/diarioregionaldigital.com.br\/index.php?rest_route=%2Fwp%2Fv2%2Fcomments&post=96234"}],"version-history":[{"count":0,"href":"https:\/\/diarioregionaldigital.com.br\/index.php?rest_route=\/wp\/v2\/posts\/96234\/revisions"}],"wp:attachment":[{"href":"https:\/\/diarioregionaldigital.com.br\/index.php?rest_route=%2Fwp%2Fv2%2Fmedia&parent=96234"}],"wp:term":[{"taxonomy":"category","embeddable":true,"href":"https:\/\/diarioregionaldigital.com.br\/index.php?rest_route=%2Fwp%2Fv2%2Fcategories&post=96234"},{"taxonomy":"post_tag","embeddable":true,"href":"https:\/\/diarioregionaldigital.com.br\/index.php?rest_route=%2Fwp%2Fv2%2Ftags&post=96234"}],"curies":[{"name":"wp","href":"https:\/\/api.w.org\/{rel}","templated":true}]}}