{"id":96230,"date":"2018-04-12T22:39:50","date_gmt":"2018-04-13T01:39:50","guid":{"rendered":"http:\/\/diarioregionaljf.com.br\/2018\/04\/12\/linha-de-frente\/"},"modified":"2018-04-16T17:04:52","modified_gmt":"2018-04-16T20:04:52","slug":"linha-de-frente","status":"publish","type":"post","link":"https:\/\/diarioregionaldigital.com.br\/?p=96230","title":{"rendered":"Linha de Frente"},"content":{"rendered":"<p style=\"text-align: center;\"><span class=\"h4\">Linha de Frente<\/span><br \/>\nO profissional de arte e cultura, Ricardo Cristofaro assumiu a presid\u00eancia do Museu de Arte Murilo Mendes. S\u00e9rio e competente, possui um extenso curr\u00edculo no universo das artes em Juiz de Fora. Ele participou diretamente da idealiza\u00e7\u00e3o e da cria\u00e7\u00e3o do MAMM, desde os processos de vida dos acervos da biblioteca e da pinacoteca para o Brasil, al\u00e9m de ter colaborado ativamente nos mais prof\u00edcuos projetos da casa. Sua vinda para o MAMM ir\u00e1 contribuir efetivamente para reafirmar a excel\u00eancia da institui\u00e7\u00e3o.<\/p>\n<p style=\"text-align: center;\"><span class=\"h4\">Apaga a luz<\/span><br \/>\nO Operador Nacional do Sistema (NOS) detectou falha humana durante a investiga\u00e7\u00e3o do apag\u00e3o ocorrido em mar\u00e7o, principalmente no Norte e Nordeste do Brasil, mas tamb\u00e9m afetou algumas cidades de Minas Gerais. Houve erro na instala\u00e7\u00e3o do disjuntor, de acordo com o diretor do \u00f3rg\u00e3o, Luiz Eduardo Barata.<\/p>\n<p style=\"text-align: center;\"><span class=\"h4\">Teste<\/span><br \/>\nOs aplicativos de intermedia\u00e7\u00e3o para marca\u00e7\u00e3o de consultas m\u00e9dicas j\u00e1 somam mais de 250 mil downloads no Brasil. Cada dia mais populares usam essas plataformas, no entanto, n\u00e3o oferecem informa\u00e7\u00e3o adequada, nem garantem a seguran\u00e7a dos dados de seus usu\u00e1rios. Essa \u00e9 uma conclus\u00e3o de uma pesquisa feita pelo Instituto Brasileiro de Defesa do Consumidor (IDEC).<\/p>\n<p style=\"text-align: center;\"><span class=\"h4\">Sucesso<\/span><br \/>\nO ator juiz-forano e ex-Mister Brasil, Lucas Malvacini faz sucesso no Rio de Janeiro. Recentemente, ele foi nomeado embaixador do Flyflapper \u2013 aplicativo que tenta conectar passageiros interessados em voos privados com empresas de t\u00e1xi \u2013 a\u00e9reo, al\u00e9m de ser respons\u00e1vel por divulgar o servi\u00e7o para celebridades.<\/p>\n<p style=\"text-align: center;\"><span class=\"h4\">Premia\u00e7\u00e3o<\/span><br \/>\nDonos da bola e do jogo, Roberto Vallim e Paola Vidal, do Est\u00fadio Megazap, ganharam o Pr\u00eamio Wedding Best de melhor \u00e1bum de casamento (categoria j\u00fari dos noivos), na Feira Fotografar. A promo\u00e7\u00e3o \u00e9 da Fhox em parceria com a Fotolab \u00c1lbuns.<\/p>\n<p style=\"text-align: center;\"><img decoding=\"async\" class=\" size-full wp-image-96221\" style=\"display: block; margin-left: auto; margin-right: auto;\" src=\"http:\/\/diarioregionaljf.com.br\/wp-content\/uploads\/2018\/04\/fotoa.jpg\" alt=\"fotoa.jpg\" width=\"680\" srcset=\"https:\/\/diarioregionaldigital.com.br\/wp-content\/uploads\/2018\/04\/fotoa.jpg 680w, https:\/\/diarioregionaldigital.com.br\/wp-content\/uploads\/2018\/04\/fotoa-300x199.jpg 300w, https:\/\/diarioregionaldigital.com.br\/wp-content\/uploads\/2018\/04\/fotoa-360x238.jpg 360w\" sizes=\"(max-width: 680px) 100vw, 680px\" \/>Festejando noivado no Serra do Ibitipoca Hotel, o bonito casal Waleska Rom\u00e3o e Daniel Braga<\/p>\n<p style=\"text-align: center;\"><img decoding=\"async\" class=\" size-full wp-image-96222\" style=\"display: block; margin-left: auto; margin-right: auto;\" src=\"http:\/\/diarioregionaljf.com.br\/wp-content\/uploads\/2018\/04\/fotoc.jpg\" alt=\"fotoc.jpg\" width=\"680\" srcset=\"https:\/\/diarioregionaldigital.com.br\/wp-content\/uploads\/2018\/04\/fotoc.jpg 680w, https:\/\/diarioregionaldigital.com.br\/wp-content\/uploads\/2018\/04\/fotoc-300x199.jpg 300w, https:\/\/diarioregionaldigital.com.br\/wp-content\/uploads\/2018\/04\/fotoc-360x238.jpg 360w\" sizes=\"(max-width: 680px) 100vw, 680px\" \/>No coquetel outono da Spazio Design, Alex Martins, Patr\u00edcia Alvim e Lucas de Mendon\u00e7a<\/p>\n<p style=\"text-align: center;\"><img decoding=\"async\" class=\" size-full wp-image-96223\" style=\"display: block; margin-left: auto; margin-right: auto;\" src=\"http:\/\/diarioregionaljf.com.br\/wp-content\/uploads\/2018\/04\/fotod.jpg\" alt=\"fotod.jpg\" width=\"680\" srcset=\"https:\/\/diarioregionaldigital.com.br\/wp-content\/uploads\/2018\/04\/fotod.jpg 680w, https:\/\/diarioregionaldigital.com.br\/wp-content\/uploads\/2018\/04\/fotod-300x197.jpg 300w, https:\/\/diarioregionaldigital.com.br\/wp-content\/uploads\/2018\/04\/fotod-360x237.jpg 360w\" sizes=\"(max-width: 680px) 100vw, 680px\" \/>Translumbrante no C\u00edrculo Militar, a modelo Lorena Rodrigues em produ\u00e7\u00e3o by Diley Almeida<\/p>\n<p style=\"text-align: center;\"><img decoding=\"async\" class=\" size-full wp-image-96224\" style=\"display: block; margin-left: auto; margin-right: auto;\" src=\"http:\/\/diarioregionaljf.com.br\/wp-content\/uploads\/2018\/04\/fotof.jpg\" alt=\"fotof.jpg\" width=\"680\" srcset=\"https:\/\/diarioregionaldigital.com.br\/wp-content\/uploads\/2018\/04\/fotof.jpg 680w, https:\/\/diarioregionaldigital.com.br\/wp-content\/uploads\/2018\/04\/fotof-300x199.jpg 300w, https:\/\/diarioregionaldigital.com.br\/wp-content\/uploads\/2018\/04\/fotof-360x238.jpg 360w\" sizes=\"(max-width: 680px) 100vw, 680px\" \/>Em\u00a0 chiqu\u00e9rrima tarde de moda no Rio as lindas Hilmara Botti e a filha Manuela Botti<\/p>\n<p style=\"text-align: center;\"><img decoding=\"async\" class=\" size-full wp-image-96225\" style=\"display: block; margin-left: auto; margin-right: auto;\" src=\"http:\/\/diarioregionaljf.com.br\/wp-content\/uploads\/2018\/04\/fotobb.jpg\" alt=\"fotobb.jpg\" width=\"680\" srcset=\"https:\/\/diarioregionaldigital.com.br\/wp-content\/uploads\/2018\/04\/fotobb.jpg 680w, https:\/\/diarioregionaldigital.com.br\/wp-content\/uploads\/2018\/04\/fotobb-300x199.jpg 300w, https:\/\/diarioregionaldigital.com.br\/wp-content\/uploads\/2018\/04\/fotobb-360x238.jpg 360w\" sizes=\"(max-width: 680px) 100vw, 680px\" \/>Direto de Miracema (RJ) pra as passarelas e editoriais de moda o novo modelo Josian Pestana lan\u00e7amento deste colunista<\/p>\n<p style=\"text-align: center;\"><img decoding=\"async\" class=\" size-full wp-image-96226\" style=\"display: block; margin-left: auto; margin-right: auto;\" src=\"http:\/\/diarioregionaljf.com.br\/wp-content\/uploads\/2018\/04\/fotoh.jpg\" alt=\"fotoh.jpg\" width=\"680\" srcset=\"https:\/\/diarioregionaldigital.com.br\/wp-content\/uploads\/2018\/04\/fotoh.jpg 680w, https:\/\/diarioregionaldigital.com.br\/wp-content\/uploads\/2018\/04\/fotoh-300x169.jpg 300w, https:\/\/diarioregionaldigital.com.br\/wp-content\/uploads\/2018\/04\/fotoh-360x203.jpg 360w\" sizes=\"(max-width: 680px) 100vw, 680px\" \/>Lindos no Casa X, Leonardo Chillis e Regina Ferreira com o filho Arthur<\/p>\n<p style=\"text-align: center;\"><img decoding=\"async\" class=\" size-full wp-image-96227\" style=\"display: block; margin-left: auto; margin-right: auto;\" src=\"http:\/\/diarioregionaljf.com.br\/wp-content\/uploads\/2018\/04\/fotoi.jpg\" alt=\"fotoi.jpg\" width=\"680\" srcset=\"https:\/\/diarioregionaldigital.com.br\/wp-content\/uploads\/2018\/04\/fotoi.jpg 680w, https:\/\/diarioregionaldigital.com.br\/wp-content\/uploads\/2018\/04\/fotoi-300x169.jpg 300w, https:\/\/diarioregionaldigital.com.br\/wp-content\/uploads\/2018\/04\/fotoi-360x203.jpg 360w\" sizes=\"(max-width: 680px) 100vw, 680px\" \/>Em noite de premia\u00e7\u00e3o Top Quality no Metropolitan, Loren Siqueira (Servir Refei\u00e7\u00f5es), Leda Almeida e Dani Verpel<\/p>\n<p style=\"text-align: center;\"><img decoding=\"async\" class=\" size-full wp-image-96228\" style=\"display: block; margin-left: auto; margin-right: auto;\" src=\"http:\/\/diarioregionaljf.com.br\/wp-content\/uploads\/2018\/04\/fotoj.jpg\" alt=\"fotoj.jpg\" width=\"680\" srcset=\"https:\/\/diarioregionaldigital.com.br\/wp-content\/uploads\/2018\/04\/fotoj.jpg 677w, https:\/\/diarioregionaldigital.com.br\/wp-content\/uploads\/2018\/04\/fotoj-264x300.jpg 264w, https:\/\/diarioregionaldigital.com.br\/wp-content\/uploads\/2018\/04\/fotoj-360x408.jpg 360w\" sizes=\"(max-width: 677px) 100vw, 677px\" \/>No Teatro Solar em noite de show, as capotantes Helenise Machado e a cantora Rosanah<\/p>\n<p style=\"text-align: center;\"><img decoding=\"async\" class=\" size-full wp-image-96229\" style=\"display: block; margin-left: auto; margin-right: auto;\" src=\"http:\/\/diarioregionaljf.com.br\/wp-content\/uploads\/2018\/04\/fotoaa.jpg\" alt=\"fotoaa.jpg\" width=\"680\" srcset=\"https:\/\/diarioregionaldigital.com.br\/wp-content\/uploads\/2018\/04\/fotoaa.jpg 678w, https:\/\/diarioregionaldigital.com.br\/wp-content\/uploads\/2018\/04\/fotoaa-300x199.jpg 300w, https:\/\/diarioregionaldigital.com.br\/wp-content\/uploads\/2018\/04\/fotoaa-360x239.jpg 360w\" sizes=\"(max-width: 678px) 100vw, 678px\" \/>Na prestigiada noite de lan\u00e7amento da revista Model Minas na Avalon, o anfitri\u00e3o Fabio Almeida (alface) ladeado da produtora Panha Penna Forte, Eduardo Gomes, Adjane Gava e o ator Vitorio Gava<\/p>\n<p class=\"h4\" style=\"text-align: center;\">FOTOSS\u00cdNTESE<\/p>\n<p>A escritora Diva Schuenck brilha intensamente com seu livro \u00c0 flor da pele. A poetisa em um momento m\u00e1gico ultrapassa com seu talento a linha al\u00e9m do horizonte. Merci pelo exemplar.<\/p>\n<p>Procurando o fio da meada os organizadores do Pr\u00eamio Sesi de Literatura recebe inscri\u00e7\u00f5es para a 5\u00aa edi\u00e7\u00e3o, at\u00e9 18 de maio. O objetivo \u00e9 reconhecer o talento liter\u00e1rio do trabalhador da ind\u00fastria.<\/p>\n<p>A 4\u00aa Feijoada Beneficente da Ascomcer no s\u00e1bado, 14, ter\u00e1 atra\u00e7\u00f5es maravilhosas com o Dj Felipe Castro, Renan &amp; Cristiano, Alessandra Crispim e bateria da Escola de Samba Unidos do Ladeira.<\/p>\n<p>O palco do Teatro Paschoal Carlos Magno estar\u00e1 iluminado na sexta-feira, 13, para a apresenta\u00e7\u00e3o \u00e0s 20h, do espet\u00e1culo Serestando Mulheres (Campinas \u2013 SP) com a Cia. Lumeteatro. A dire\u00e7\u00e3o \u00e9 de Fernando Villar e estrelado por Ana Cristina Colla. O Espet\u00e1culo faz parte do I Encontro Sala de Giz de Teatro e Po\u00e9ticas do Corpo.<\/p>\n<p>A Associa\u00e7\u00e3o de Belas Artes Ant\u00f4nio Parreiras, est\u00e1 apresentando uma coletiva com o t\u00edtulo Mestres e Disc\u00edpulos da ABAAP, focalizando obras de mestres e \u00e9 disc\u00edpulos que frequentam o espa\u00e7o em diversos estilos.<\/p>\n<p>Mulheres elegant\u00edssimas marcaram presen\u00e7a no coquetel inaugural do Spazio Design. Anotamos por l\u00e1, H\u00e9lida Fraceti, M\u00f4nica Baldi, Rachel Marques, Val\u00e9ria Ara\u00fajo, V\u00e2nia de Landa, Bia Baldi Campos, Aline Vaneli, Liora Gonik, Patr\u00edcia Alvim, Veru Campos, Bruna Martins, Priscila Bastos Neto, Alessandra Brum. A apresenta\u00e7\u00e3o foi da deslumbrante Ana Paula Calixto.<\/p>\n<p>Este colunista comandou grupo de jovens talentosos na noite do Muzik com Talison Vardiero, Leandro Braga e Gabriel Oliveira.<\/p>\n<p>Rei das panelas e ca\u00e7arolas o carioca H\u00e9lio Martins vai pilotar o fog\u00e3o do Big Owl (antigo Caf\u00e9 Kurt) ao lado do Cine Theatro Central. O restaurante todo renovado tem agora a dire\u00e7\u00e3o de Neila e Charles Norman.<\/p>\n<p>Vai ser bomb\u00e1stica a Festa Groovy Sunday no dia 29 de abril, com Open Air na Avalon. O Line Oficial ser\u00e1 dos Djs, Claudinho Brasil, Caroles, Minimal Momkey, Ward, Loch, Alchord, Trikster e Smash.<\/p>\n<p>Para resumir: \u201cNascem milhares dos nossos, cada vez que um nosso cai\u201d. Bom dia.<\/p>\n","protected":false},"excerpt":{"rendered":"<p>Linha de Frente O profissional de arte e cultura, Ricardo Cristofaro assumiu a presid\u00eancia do Museu de Arte Murilo Mendes. S\u00e9rio e competente, possui um extenso curr\u00edculo no universo das artes em Juiz de Fora. Ele participou diretamente da idealiza\u00e7\u00e3o e da cria\u00e7\u00e3o do MAMM, desde os processos de vida dos acervos da biblioteca e [&hellip;]<\/p>\n","protected":false},"author":96,"featured_media":96220,"comment_status":"closed","ping_status":"closed","sticky":false,"template":"","format":"standard","meta":{"footnotes":""},"categories":[264],"tags":[],"class_list":["post-96230","post","type-post","status-publish","format-standard","has-post-thumbnail","hentry","category-eduardo-gomes"],"_links":{"self":[{"href":"https:\/\/diarioregionaldigital.com.br\/index.php?rest_route=\/wp\/v2\/posts\/96230","targetHints":{"allow":["GET"]}}],"collection":[{"href":"https:\/\/diarioregionaldigital.com.br\/index.php?rest_route=\/wp\/v2\/posts"}],"about":[{"href":"https:\/\/diarioregionaldigital.com.br\/index.php?rest_route=\/wp\/v2\/types\/post"}],"author":[{"embeddable":true,"href":"https:\/\/diarioregionaldigital.com.br\/index.php?rest_route=\/wp\/v2\/users\/96"}],"replies":[{"embeddable":true,"href":"https:\/\/diarioregionaldigital.com.br\/index.php?rest_route=%2Fwp%2Fv2%2Fcomments&post=96230"}],"version-history":[{"count":0,"href":"https:\/\/diarioregionaldigital.com.br\/index.php?rest_route=\/wp\/v2\/posts\/96230\/revisions"}],"wp:featuredmedia":[{"embeddable":true,"href":"https:\/\/diarioregionaldigital.com.br\/index.php?rest_route=\/wp\/v2\/media\/96220"}],"wp:attachment":[{"href":"https:\/\/diarioregionaldigital.com.br\/index.php?rest_route=%2Fwp%2Fv2%2Fmedia&parent=96230"}],"wp:term":[{"taxonomy":"category","embeddable":true,"href":"https:\/\/diarioregionaldigital.com.br\/index.php?rest_route=%2Fwp%2Fv2%2Fcategories&post=96230"},{"taxonomy":"post_tag","embeddable":true,"href":"https:\/\/diarioregionaldigital.com.br\/index.php?rest_route=%2Fwp%2Fv2%2Ftags&post=96230"}],"curies":[{"name":"wp","href":"https:\/\/api.w.org\/{rel}","templated":true}]}}