{"id":96219,"date":"2018-04-12T22:12:38","date_gmt":"2018-04-13T01:12:38","guid":{"rendered":"http:\/\/diarioregionaljf.com.br\/2018\/04\/12\/stf-confirma-para-dia-17-julgamento-de-denuncia-contra-aecio-neves\/"},"modified":"2018-04-12T22:12:38","modified_gmt":"2018-04-13T01:12:38","slug":"stf-confirma-para-dia-17-julgamento-de-denuncia-contra-aecio-neves","status":"publish","type":"post","link":"https:\/\/diarioregionaldigital.com.br\/?p=96219","title":{"rendered":"STF confirma para dia 17 julgamento de den\u00fancia contra A\u00e9cio Neves"},"content":{"rendered":"<p>O ministro Marco Aur\u00e9lio, do Supremo Tribunal Federal (STF), decidiu manter para a pr\u00f3xima ter\u00e7a-feira, 17, o julgamento sobre o recebimento da den\u00fancia da Procuradoria-Geral da Rep\u00fablica (PGR) contra o senador A\u00e9cio Neves (PSDB-MG) em um dos inqu\u00e9ritos resultantes da dela\u00e7\u00e3o do empres\u00e1rio Joesley Batista, do grupo J&amp;F.<\/p>\n<p>Tamb\u00e9m s\u00e3o alvos da mesma den\u00fancia a irm\u00e3 do senador, Andrea Neves, o primo dele, Frederico Pacheco, e Mendherson Souza Lima, ex-assessor parlamentar do senador Zez\u00e9 Perrella (PMDB-MG), flagrado com dinheiro vivo. Todos foram acusados de corrup\u00e7\u00e3o passiva.<\/p>\n<p>O pedido de adiamento foi feito pela defesa de Andrea. O advogado alegou que n\u00e3o poderia comparecer \u00e0 sess\u00e3o porque teria de participar de outro julgamento no Superior Tribunal de Justi\u00e7a (STJ).<\/p>\n<p>Para o ministro Marco Aur\u00e9lio, a defesa n\u00e3o apresentou justificativa relevante. &#8220;Nada impede que os julgamentos agendados para a data sejam ordenados, no pr\u00f3prio dia, de modo a possibilitar ao profissional, ante a proximidade dos Tribunais, a realiza\u00e7\u00e3o de sustenta\u00e7\u00e3o oral em ambos\u201d, decidiu.<\/p>\n<p>Segundo a den\u00fancia, apresentada h\u00e1 mais de 10 meses, A\u00e9cio solicitou a Joesley Batista, em conversa gravada pela Pol\u00edcia Federal (PF), R$2 milh\u00f5es em propina, em troca de sua atua\u00e7\u00e3o pol\u00edtica. O senador foi acusado pelo ent\u00e3o procurador-geral da Rep\u00fablica Rodrigo Janot dos crimes de corrup\u00e7\u00e3o passiva e tentativa de obstruir a Justi\u00e7a.<\/p>\n<p>Em nota divulgada na \u00faltima ter\u00e7a-feira, o advogado Alberto Toron, que representa A\u00e9cio Neves, disse que o senador foi &#8220;v\u00edtima de uma situa\u00e7\u00e3o forjada, arquitetada por criminosos confessos que, sob a orienta\u00e7\u00e3o do ent\u00e3o procurador Marcelo Miller, buscavam firmar um acordo de dela\u00e7\u00e3o premiada fant\u00e1stico&#8221;.<\/p>\n<p>Fonte: Ag\u00eancia Brasil<\/p>\n","protected":false},"excerpt":{"rendered":"<p>O ministro Marco Aur\u00e9lio, do Supremo Tribunal Federal (STF), decidiu manter para a pr\u00f3xima ter\u00e7a-feira, 17, o julgamento sobre o recebimento da den\u00fancia da Procuradoria-Geral da Rep\u00fablica (PGR) contra o senador A\u00e9cio Neves (PSDB-MG) em um dos inqu\u00e9ritos resultantes da dela\u00e7\u00e3o do empres\u00e1rio Joesley Batista, do grupo J&amp;F. Tamb\u00e9m s\u00e3o alvos da mesma den\u00fancia a [&hellip;]<\/p>\n","protected":false},"author":96,"featured_media":95978,"comment_status":"closed","ping_status":"closed","sticky":false,"template":"","format":"standard","meta":{"footnotes":""},"categories":[254],"tags":[],"class_list":["post-96219","post","type-post","status-publish","format-standard","has-post-thumbnail","hentry","category-politica"],"_links":{"self":[{"href":"https:\/\/diarioregionaldigital.com.br\/index.php?rest_route=\/wp\/v2\/posts\/96219","targetHints":{"allow":["GET"]}}],"collection":[{"href":"https:\/\/diarioregionaldigital.com.br\/index.php?rest_route=\/wp\/v2\/posts"}],"about":[{"href":"https:\/\/diarioregionaldigital.com.br\/index.php?rest_route=\/wp\/v2\/types\/post"}],"author":[{"embeddable":true,"href":"https:\/\/diarioregionaldigital.com.br\/index.php?rest_route=\/wp\/v2\/users\/96"}],"replies":[{"embeddable":true,"href":"https:\/\/diarioregionaldigital.com.br\/index.php?rest_route=%2Fwp%2Fv2%2Fcomments&post=96219"}],"version-history":[{"count":0,"href":"https:\/\/diarioregionaldigital.com.br\/index.php?rest_route=\/wp\/v2\/posts\/96219\/revisions"}],"wp:featuredmedia":[{"embeddable":true,"href":"https:\/\/diarioregionaldigital.com.br\/index.php?rest_route=\/wp\/v2\/media\/95978"}],"wp:attachment":[{"href":"https:\/\/diarioregionaldigital.com.br\/index.php?rest_route=%2Fwp%2Fv2%2Fmedia&parent=96219"}],"wp:term":[{"taxonomy":"category","embeddable":true,"href":"https:\/\/diarioregionaldigital.com.br\/index.php?rest_route=%2Fwp%2Fv2%2Fcategories&post=96219"},{"taxonomy":"post_tag","embeddable":true,"href":"https:\/\/diarioregionaldigital.com.br\/index.php?rest_route=%2Fwp%2Fv2%2Ftags&post=96219"}],"curies":[{"name":"wp","href":"https:\/\/api.w.org\/{rel}","templated":true}]}}