{"id":96218,"date":"2018-04-12T22:09:38","date_gmt":"2018-04-13T01:09:38","guid":{"rendered":"http:\/\/diarioregionaljf.com.br\/2018\/04\/12\/canil-municipal-promove-evento-de-adocao-de-animais-especiais\/"},"modified":"2018-04-12T22:09:38","modified_gmt":"2018-04-13T01:09:38","slug":"canil-municipal-promove-evento-de-adocao-de-animais-especiais","status":"publish","type":"post","link":"https:\/\/diarioregionaldigital.com.br\/?p=96218","title":{"rendered":"Canil Municipal promove evento de ado\u00e7\u00e3o de animais especiais"},"content":{"rendered":"<p>No s\u00e1bado, 14, o Canil Municipal de Juiz de Fora promover\u00e1 edi\u00e7\u00e3o especial no quarto evento de ado\u00e7\u00e3o em 2018. A partir das 10h, no Parque Halfeld, 12 c\u00e3es com algum tipo de defici\u00eancia estar\u00e3o \u00e0 espera de um lar respons\u00e1vel. S\u00e3o animais saud\u00e1veis, castrados e vacinados, mas que possuem necessidades especiais, como a perda da vis\u00e3o ou a amputa\u00e7\u00e3o de algum membro. No evento, que seguir\u00e1 at\u00e9 \u00e0s 14h, dez gatos, sem necessidades especiais, tamb\u00e9m ser\u00e3o disponibilizados para ado\u00e7\u00e3o.<\/p>\n<p>O evento \u00e9 resultado de parceria entre o Departamento Municipal de Limpeza Urbana (Demlurb) e a Comiss\u00e3o de Defesa, Controle e Prote\u00e7\u00e3o dos Animais, da C\u00e2mara Municipal de Juiz de Fora. Tem como objetivo incentivar a ado\u00e7\u00e3o respons\u00e1vel. Os interessados dever\u00e3o preencher cadastro e participar de entrevista realizada pela equipe respons\u00e1vel.<\/p>\n<p>A inten\u00e7\u00e3o \u00e9 elaborar perfil ideal do c\u00e3o ou gato para cada pessoa, tornando a ado\u00e7\u00e3o consciente. Os interessados dever\u00e3o levar documento de identidade, Cadastro de Pessoa F\u00edsica (CPF) e comprovante de resid\u00eancia. Ap\u00f3s a an\u00e1lise das fichas, os novos tutores poder\u00e3o buscar seu novo amigo no canil.<\/p>\n<p>Para ser volunt\u00e1rio e auxiliar a equipe do Canil Municipal \u00e9 necess\u00e1rio chegar com 30 minutos de anteced\u00eancia ao local do evento. A equipe, junto com os volunt\u00e1rios, realizar\u00e3o panfletagem nos principais pontos de \u00f4nibus da regi\u00e3o central, com materiais informativos sobre cuidados e prote\u00e7\u00e3o animal.<\/p>\n<p>Fonte: Assessoria<\/p>\n","protected":false},"excerpt":{"rendered":"<p>No s\u00e1bado, 14, o Canil Municipal de Juiz de Fora promover\u00e1 edi\u00e7\u00e3o especial no quarto evento de ado\u00e7\u00e3o em 2018. A partir das 10h, no Parque Halfeld, 12 c\u00e3es com algum tipo de defici\u00eancia estar\u00e3o \u00e0 espera de um lar respons\u00e1vel. S\u00e3o animais saud\u00e1veis, castrados e vacinados, mas que possuem necessidades especiais, como a perda [&hellip;]<\/p>\n","protected":false},"author":96,"featured_media":96217,"comment_status":"closed","ping_status":"closed","sticky":false,"template":"","format":"standard","meta":{"footnotes":""},"categories":[253],"tags":[],"class_list":["post-96218","post","type-post","status-publish","format-standard","has-post-thumbnail","hentry","category-cidade"],"_links":{"self":[{"href":"https:\/\/diarioregionaldigital.com.br\/index.php?rest_route=\/wp\/v2\/posts\/96218","targetHints":{"allow":["GET"]}}],"collection":[{"href":"https:\/\/diarioregionaldigital.com.br\/index.php?rest_route=\/wp\/v2\/posts"}],"about":[{"href":"https:\/\/diarioregionaldigital.com.br\/index.php?rest_route=\/wp\/v2\/types\/post"}],"author":[{"embeddable":true,"href":"https:\/\/diarioregionaldigital.com.br\/index.php?rest_route=\/wp\/v2\/users\/96"}],"replies":[{"embeddable":true,"href":"https:\/\/diarioregionaldigital.com.br\/index.php?rest_route=%2Fwp%2Fv2%2Fcomments&post=96218"}],"version-history":[{"count":0,"href":"https:\/\/diarioregionaldigital.com.br\/index.php?rest_route=\/wp\/v2\/posts\/96218\/revisions"}],"wp:featuredmedia":[{"embeddable":true,"href":"https:\/\/diarioregionaldigital.com.br\/index.php?rest_route=\/wp\/v2\/media\/96217"}],"wp:attachment":[{"href":"https:\/\/diarioregionaldigital.com.br\/index.php?rest_route=%2Fwp%2Fv2%2Fmedia&parent=96218"}],"wp:term":[{"taxonomy":"category","embeddable":true,"href":"https:\/\/diarioregionaldigital.com.br\/index.php?rest_route=%2Fwp%2Fv2%2Fcategories&post=96218"},{"taxonomy":"post_tag","embeddable":true,"href":"https:\/\/diarioregionaldigital.com.br\/index.php?rest_route=%2Fwp%2Fv2%2Ftags&post=96218"}],"curies":[{"name":"wp","href":"https:\/\/api.w.org\/{rel}","templated":true}]}}