{"id":96164,"date":"2018-04-12T01:18:33","date_gmt":"2018-04-12T04:18:33","guid":{"rendered":"http:\/\/diarioregionaljf.com.br\/2018\/04\/12\/novidades-incrementam-as-novas-receitas-do-comida-di-buteco\/"},"modified":"2018-04-12T01:18:33","modified_gmt":"2018-04-12T04:18:33","slug":"novidades-incrementam-as-novas-receitas-do-comida-di-buteco","status":"publish","type":"post","link":"https:\/\/diarioregionaldigital.com.br\/?p=96164","title":{"rendered":"Novidades incrementam as novas receitas do Comida Di Buteco 2018"},"content":{"rendered":"<p>O Comida di Buteco chega a 8\u00aa edi\u00e7\u00e3o em Juiz de Fora e, desta vez, 20 bares concorrem ao t\u00edtulo de melhor boteco da cidade. A competi\u00e7\u00e3o acontece de 13 de abril a 6 de maio em 21 regi\u00f5es, simultaneamente. E neste ano, o evento conta com duas novidades que prometem agradar o paladar e o bolso do p\u00fablico. O pre\u00e7o do tira gosto participante ser\u00e1 mantido em R$25,90 em todo o pa\u00eds e o tema criativo para os pratos \u00e9 livre.<\/p>\n<h4>Mec\u00e2nica do concurso<\/h4>\n<p>A elei\u00e7\u00e3o contar\u00e1 com votos de um corpo de jurados e botequeiros de plant\u00e3o que dever\u00e3o avaliar o tira gosto participante, o atendimento, a higiene do local e a temperatura das bebidas servidas.<br \/>Na primeira etapa, o petisco leva 70% do peso da nota e as demais categorias 10% cada uma. O voto do p\u00fablico vale 50% do peso total e dos jurados 50%. J\u00e1 na segunda e \u00faltima etapa que acontecer\u00e1 em junho, uma comiss\u00e3o de jurados, escolhida especificamente para esse momento, vai visitar os campe\u00f5es de cada cidade, avaliando sua performance nas mesmas categorias e elegendo o melhor boteco do Brasil.<\/p>\n<h4>Pr\u00eamio Receita de Carinho Dona Benta<\/h4>\n<p>Fechando a lista de novidades imperd\u00edveis, o Comida di Buteco conta ainda com a deliciosa estr\u00e9ia do \u201cReceita de Carinho Dona Benta\u201d que premiar\u00e1 o melhor petisco, entrada, prato principal ou sobremesa com um ou mais produtos da marca. Incrementando e garantindo \u00f3timas experi\u00eancias gastron\u00f4micas para quem prestigiar os bares participantes.<\/p>\n<h4>Conhe\u00e7a os participantes<\/h4>\n<p><img loading=\"lazy\" decoding=\"async\" class=\" size-full wp-image-96160\" src=\"http:\/\/diarioregionaljf.com.br\/wp-content\/uploads\/2018\/04\/12.png\" alt=\"12.png\" width=\"567\" height=\"464\" srcset=\"https:\/\/diarioregionaldigital.com.br\/wp-content\/uploads\/2018\/04\/12.png 550w, https:\/\/diarioregionaldigital.com.br\/wp-content\/uploads\/2018\/04\/12-300x245.png 300w, https:\/\/diarioregionaldigital.com.br\/wp-content\/uploads\/2018\/04\/12-220x180.png 220w, https:\/\/diarioregionaldigital.com.br\/wp-content\/uploads\/2018\/04\/12-360x295.png 360w\" sizes=\"auto, (max-width: 567px) 100vw, 567px\" \/><\/p>\n<p><img loading=\"lazy\" decoding=\"async\" class=\" size-full wp-image-96161\" src=\"http:\/\/diarioregionaljf.com.br\/wp-content\/uploads\/2018\/04\/2.jpg\" alt=\"2.jpg\" width=\"570\" height=\"450\" srcset=\"https:\/\/diarioregionaldigital.com.br\/wp-content\/uploads\/2018\/04\/2.jpg 570w, https:\/\/diarioregionaldigital.com.br\/wp-content\/uploads\/2018\/04\/2-300x237.jpg 300w, https:\/\/diarioregionaldigital.com.br\/wp-content\/uploads\/2018\/04\/2-360x284.jpg 360w\" sizes=\"auto, (max-width: 570px) 100vw, 570px\" \/><\/p>\n<p><img loading=\"lazy\" decoding=\"async\" class=\" size-full wp-image-96162\" src=\"http:\/\/diarioregionaljf.com.br\/wp-content\/uploads\/2018\/04\/3.jpg\" alt=\"3.jpg\" width=\"571\" height=\"450\" srcset=\"https:\/\/diarioregionaldigital.com.br\/wp-content\/uploads\/2018\/04\/3.jpg 571w, https:\/\/diarioregionaldigital.com.br\/wp-content\/uploads\/2018\/04\/3-300x236.jpg 300w, https:\/\/diarioregionaldigital.com.br\/wp-content\/uploads\/2018\/04\/3-360x284.jpg 360w\" sizes=\"auto, (max-width: 571px) 100vw, 571px\" \/><\/p>\n<p><img loading=\"lazy\" decoding=\"async\" class=\" size-full wp-image-96163\" src=\"http:\/\/diarioregionaljf.com.br\/wp-content\/uploads\/2018\/04\/4.jpg\" alt=\"4.jpg\" width=\"571\" height=\"254\" srcset=\"https:\/\/diarioregionaldigital.com.br\/wp-content\/uploads\/2018\/04\/4.jpg 680w, https:\/\/diarioregionaldigital.com.br\/wp-content\/uploads\/2018\/04\/4-300x134.jpg 300w, https:\/\/diarioregionaldigital.com.br\/wp-content\/uploads\/2018\/04\/4-360x160.jpg 360w\" sizes=\"auto, (max-width: 571px) 100vw, 571px\" \/><\/p>\n","protected":false},"excerpt":{"rendered":"<p>O Comida di Buteco chega a 8\u00aa edi\u00e7\u00e3o em Juiz de Fora e, desta vez, 20 bares concorrem ao t\u00edtulo de melhor boteco da cidade. A competi\u00e7\u00e3o acontece de 13 de abril a 6 de maio em 21 regi\u00f5es, simultaneamente. E neste ano, o evento conta com duas novidades que prometem agradar o paladar e [&hellip;]<\/p>\n","protected":false},"author":96,"featured_media":96159,"comment_status":"closed","ping_status":"closed","sticky":false,"template":"","format":"standard","meta":{"footnotes":""},"categories":[253],"tags":[],"class_list":["post-96164","post","type-post","status-publish","format-standard","has-post-thumbnail","hentry","category-cidade"],"_links":{"self":[{"href":"https:\/\/diarioregionaldigital.com.br\/index.php?rest_route=\/wp\/v2\/posts\/96164","targetHints":{"allow":["GET"]}}],"collection":[{"href":"https:\/\/diarioregionaldigital.com.br\/index.php?rest_route=\/wp\/v2\/posts"}],"about":[{"href":"https:\/\/diarioregionaldigital.com.br\/index.php?rest_route=\/wp\/v2\/types\/post"}],"author":[{"embeddable":true,"href":"https:\/\/diarioregionaldigital.com.br\/index.php?rest_route=\/wp\/v2\/users\/96"}],"replies":[{"embeddable":true,"href":"https:\/\/diarioregionaldigital.com.br\/index.php?rest_route=%2Fwp%2Fv2%2Fcomments&post=96164"}],"version-history":[{"count":0,"href":"https:\/\/diarioregionaldigital.com.br\/index.php?rest_route=\/wp\/v2\/posts\/96164\/revisions"}],"wp:featuredmedia":[{"embeddable":true,"href":"https:\/\/diarioregionaldigital.com.br\/index.php?rest_route=\/wp\/v2\/media\/96159"}],"wp:attachment":[{"href":"https:\/\/diarioregionaldigital.com.br\/index.php?rest_route=%2Fwp%2Fv2%2Fmedia&parent=96164"}],"wp:term":[{"taxonomy":"category","embeddable":true,"href":"https:\/\/diarioregionaldigital.com.br\/index.php?rest_route=%2Fwp%2Fv2%2Fcategories&post=96164"},{"taxonomy":"post_tag","embeddable":true,"href":"https:\/\/diarioregionaldigital.com.br\/index.php?rest_route=%2Fwp%2Fv2%2Ftags&post=96164"}],"curies":[{"name":"wp","href":"https:\/\/api.w.org\/{rel}","templated":true}]}}