{"id":96150,"date":"2018-04-11T23:08:25","date_gmt":"2018-04-12T02:08:25","guid":{"rendered":"http:\/\/diarioregionaljf.com.br\/2018\/04\/11\/prefeitura-municipal-de-tocantins-12-04-18\/"},"modified":"2018-08-13T20:31:03","modified_gmt":"2018-08-13T23:31:03","slug":"prefeitura-municipal-de-tocantins-12-04-18","status":"publish","type":"post","link":"https:\/\/diarioregionaldigital.com.br\/?p=96150","title":{"rendered":"Prefeitura Municipal de Tocantins 12\/04\/18"},"content":{"rendered":"<p class=\"h4\" style=\"text-align: center;\">AVISO DE ERRATA<br \/>Licita\u00e7\u00e3o n\u00b0 36\/2018<br \/>Modalidade de Preg\u00e3o Presencial n\u00b0 26\/2018<\/p>\n<p>O Munic\u00edpio de TOCANTINS, na forma da lei, faz saber a todos quantos o presente edital virem, ou dele conhecimento tiverem, que o N\u00daMERO DO processo FOI RETIFICADO, onde se l\u00ea PROCESSO N\u00ba 035\/2018, leiam-se PROCESSO N\u00ba 036\/2018. Como tal altera\u00e7\u00e3o n\u00e3o afeta a formula\u00e7\u00e3o da proposta, permanece, nos termos da lei, mantida a data de abertura da documenta\u00e7\u00e3o. Para conhecimento de todos os interessados, expediu-se o presente que ser\u00e1 afixado no lugar de costume, publicando-se na forma da lei. TOCANTINS, 11 de fevereiro de 2018. JANSEN PASCHOALINO ROCHA &#8211; PREGOEIRO<\/p>\n","protected":false},"excerpt":{"rendered":"<p>AVISO DE ERRATALicita\u00e7\u00e3o n\u00b0 36\/2018Modalidade de Preg\u00e3o Presencial n\u00b0 26\/2018 O Munic\u00edpio de TOCANTINS, na forma da lei, faz saber a todos quantos o presente edital virem, ou dele conhecimento tiverem, que o N\u00daMERO DO processo FOI RETIFICADO, onde se l\u00ea PROCESSO N\u00ba 035\/2018, leiam-se PROCESSO N\u00ba 036\/2018. Como tal altera\u00e7\u00e3o n\u00e3o afeta a formula\u00e7\u00e3o [&hellip;]<\/p>\n","protected":false},"author":96,"featured_media":0,"comment_status":"closed","ping_status":"closed","sticky":false,"template":"","format":"standard","meta":{"footnotes":""},"categories":[307],"tags":[],"class_list":["post-96150","post","type-post","status-publish","format-standard","hentry","category-editais"],"_links":{"self":[{"href":"https:\/\/diarioregionaldigital.com.br\/index.php?rest_route=\/wp\/v2\/posts\/96150","targetHints":{"allow":["GET"]}}],"collection":[{"href":"https:\/\/diarioregionaldigital.com.br\/index.php?rest_route=\/wp\/v2\/posts"}],"about":[{"href":"https:\/\/diarioregionaldigital.com.br\/index.php?rest_route=\/wp\/v2\/types\/post"}],"author":[{"embeddable":true,"href":"https:\/\/diarioregionaldigital.com.br\/index.php?rest_route=\/wp\/v2\/users\/96"}],"replies":[{"embeddable":true,"href":"https:\/\/diarioregionaldigital.com.br\/index.php?rest_route=%2Fwp%2Fv2%2Fcomments&post=96150"}],"version-history":[{"count":0,"href":"https:\/\/diarioregionaldigital.com.br\/index.php?rest_route=\/wp\/v2\/posts\/96150\/revisions"}],"wp:attachment":[{"href":"https:\/\/diarioregionaldigital.com.br\/index.php?rest_route=%2Fwp%2Fv2%2Fmedia&parent=96150"}],"wp:term":[{"taxonomy":"category","embeddable":true,"href":"https:\/\/diarioregionaldigital.com.br\/index.php?rest_route=%2Fwp%2Fv2%2Fcategories&post=96150"},{"taxonomy":"post_tag","embeddable":true,"href":"https:\/\/diarioregionaldigital.com.br\/index.php?rest_route=%2Fwp%2Fv2%2Ftags&post=96150"}],"curies":[{"name":"wp","href":"https:\/\/api.w.org\/{rel}","templated":true}]}}