{"id":96142,"date":"2018-04-11T22:46:12","date_gmt":"2018-04-12T01:46:12","guid":{"rendered":"http:\/\/diarioregionaljf.com.br\/2018\/04\/11\/cartorio-cobucci-12-04-18\/"},"modified":"2018-08-13T20:31:05","modified_gmt":"2018-08-13T23:31:05","slug":"cartorio-cobucci-12-04-18","status":"publish","type":"post","link":"https:\/\/diarioregionaldigital.com.br\/?p=96142","title":{"rendered":"Cart\u00f3rio Cobucci 12\/04\/18"},"content":{"rendered":"<p class=\"h4\">REP\u00daBLICA FEDERATIVA DO BRASIL ESTADO DE MINAS GERAIS<\/p>\n<p class=\"h4\">REGISTRO CIVIL DAS PESSOAS NATURAIS, INTERDI\u00c7\u00d5ES E TUTELAS 1\u00ba SUBDISTRITO<\/p>\n<p class=\"h4\">Oficial Titular: JOS\u00c9 THADEU MACHADO COBUCCI<\/p>\n<p class=\"h4\">Av. Pres. Itamar Franco, 1.522 Centro<br \/>36016-320 &#8211; Juiz de Fora \u2013 MG<\/p>\n<p>Faz saber que pretendem casar-se:<br \/>01 &#8211; CARLOS CLEONI DE SOUZA MORAES, maior, empres\u00e1rio, resid\u00eancia Rua Itamar Soares de Oliveira, 110\/202,, Cascatinha, Juiz de Fora-MG e D\u00c9BORA NARDY VERAS MOTTA, maior, bi\u00f3loga, resid\u00eancia Rua Itamar Soares de Oliveira, 110\/202,, Cascatinha, Juiz de Fora-MG<\/p>\n<p>02 &#8211; JORGE HENRIQUE DE SOUZA BATISTA, maior, educador f\u00edsico, resid\u00eancia Rua Hon\u00f3rio Ant\u00f4nio da Silva, 115, S\u00e3o Pedro, Juiz de Fora-MG e ANNA CAROLINA CASTRO SANTOS, maior, , resid\u00eancia Rua Hon\u00f3rio Ant\u00f4nio da Silva, 115, S\u00e3o Pedro, Juiz de Fora-MG<\/p>\n<p>03 &#8211; CARLOS HENRIQUE GERMANO, maior, eletricista, resid\u00eancia Rua Doutor Campos Lima, 123, Dom Bosco, Juiz de Fora-MG e MARIA JOS\u00c9 DE SOUZA, maior, servi\u00e7os gerais, resid\u00eancia Rua Doutor Campos Lima, 123, Dom Bosco, Juiz de Fora-MG<\/p>\n<p>XC 04 &#8211; WEMERSON SALVADOR VICTOR, maior, estudante, resid\u00eancia Rua Olegario Maciel, 2345\/405, Paineiras, Juiz de Fora-MG e REBECA ALICIA ARROYO SILVA, maior, estudante, resid\u00eancia Rua Olegario Maciel, 2345\/405, Paineiras, Juiz de Fora-MG<\/p>\n<p>05 &#8211; JORGE GON\u00c7ALVES J\u00daNIOR, maior, operador de fabrica\u00e7\u00e3o, resid\u00eancia Rua Elmaia Cunha, 307\/304, Jardim de Al\u00e1, Juiz de Fora-MG e FLAVIA WENCESLAU DO NASCIMENTO, maior, aut\u00f4noma, resid\u00eancia Rua Elvira Gouveia Gonelli, 200, Jardim de Al\u00e1, Juiz de Fora-MG<\/p>\n<p>06 &#8211; EDUARDO SANTOS DRUMOND, maior, administrador, resid\u00eancia Rua Prefeito Luiz Penna, 100, Novo Horizonte, Juiz de Fora-MG e ELISABETE ALEXANDRA DA SILVA OLIVEIRA, maior, professora, resid\u00eancia Rua Prefeito Luiz Penna, 100, Novo Horizonte, Juiz de Fora-MG<\/p>\n<p>07 &#8211; DIEGO PINHEIRO ALVES DOS SANTOS, maior, policial militar, resid\u00eancia Rua Orlanda Fortini Arcuri, 74, Santa Luzia, Juiz de Fora-MG e GIOVANNA ALVES DE OLIVEIRA, maior, assistente administrativo, resid\u00eancia Rua B, 11, Campo Alegre, Juiz de Fora-MG<\/p>\n<p>08 &#8211; MARCOS ANTONIO PEREIRA, maior, aposentado, resid\u00eancia Rua Projetada II, 33, Sagrado Cora\u00e7\u00e3o de Jesus, Juiz de Fora-MG e HOSANA DIAS BARBOSA, maior, aposentada, resid\u00eancia Rua Projetada II, 33, Sagrado Cora\u00e7\u00e3o de Jesus, Juiz de Fora-MG<\/p>\n<p>09 &#8211; MARCELO DA SILVA RODRIGUES, maior, aut\u00f4nomo, resid\u00eancia Rua Dr. Luiz Antonio Vieira Penna, 825\/01, Mundo Novo, Juiz de Fora-MG e ADRIANA APARECIDA DE ANDRADE, maior, do lar, resid\u00eancia Rua Dr. Luiz Antonio Vieira Penna, 825\/01, Mundo Novo, Juiz de Fora-MG<\/p>\n<p>10 &#8211; REGINALDO DA SILVA MALVACCINI, maior, t\u00e9cnico em inform\u00e1tica, resid\u00eancia Rua Dr. Jo\u00e3o Penido Filho, 303\/401, Bom Pastor, Juiz de Fora-MG e ALINE RAQUEL DA COSTA ALMEIDA, maior, vendedora, resid\u00eancia Rua Dr. Jo\u00e3o Penido Filho, 303\/401, Bom Pastor, Juiz de Fora-MG<\/p>\n<p>11 &#8211; YURI ARRUDA DE OLIVEIRA, maior, vigia, resid\u00eancia Rua da Esperan\u00e7a, 450, Olavo Costa, Juiz de Fora-MG e ESTEFANE VENERANDO DA SILVA, maior, copeira hospitalar, resid\u00eancia Travessa Carneiro da Silva, 119,, Furtado de Menezes, Juiz de Fora-MG<\/p>\n<p>12 &#8211; NIVALDO DE OLIVEIRA CORREIA, maior, aposentado, resid\u00eancia Rua Padre Guilherme Goossens, 250, Sagrado Cora\u00e7\u00e3o de Jesus, Juiz de Fora-MG e NEYLA MARIA DOS SANTOS PUREZA, maior, m\u00e9dica veterin\u00e1ria, resid\u00eancia Rua Padre Guilherme Goossens, 250, Sagrado Cora\u00e7\u00e3o de Jesus, Juiz de Fora-MG<\/p>\n<p>13 &#8211; MAYCON NOGUEIRA, maior, motorista, resid\u00eancia Rua Carlos Monteiro, 81,, S\u00e3o Mateus, Juiz de Fora-MG e ESTER CRISTINA DA SILVA FELIZARDO, maior, do lar, resid\u00eancia Rua Carlos Monteiro, 81,, S\u00e3o Mateus, Juiz de Fora-MG<\/p>\n<p>14 &#8211; LUIZ GUILHERME GESUALDO PRATA, maior, m\u00e9dico, resid\u00eancia Rua Coronel Vaz de Melo, 135\/1201 Bom Pastor, Juiz de Fora-MG e MARIANA D\u00b4ASSUMP\u00c7\u00c3O, maior, m\u00e9dica, resid\u00eancia Rua Ov\u00eddia Maia Dias, 357 Vila Ribeiro, Campo Belo-MG<\/p>\n<p>Os contraentes apresentaram os documentos exigidos pelo art.1525 do C\u00f3digo Civil Brasileiro. Se algu\u00e9m souber de algum impedimento, que os impe\u00e7am de se casar, que o fa\u00e7a na forma da Lei.<\/p>\n<p class=\"h5\">Juiz de Fora, 11\/04\/2018<br \/>JOS\u00c9 THADEU MACHADO COBUCCI<br \/>Oficial do Registro Civil<br \/>Cartosoft &#8211; Automa\u00e7\u00e3o de Cart\u00f3rios do Registro Civil www.cartosoft.com.br<\/p>\n","protected":false},"excerpt":{"rendered":"<p>REP\u00daBLICA FEDERATIVA DO BRASIL ESTADO DE MINAS GERAIS REGISTRO CIVIL DAS PESSOAS NATURAIS, INTERDI\u00c7\u00d5ES E TUTELAS 1\u00ba SUBDISTRITO Oficial Titular: JOS\u00c9 THADEU MACHADO COBUCCI Av. Pres. Itamar Franco, 1.522 Centro36016-320 &#8211; Juiz de Fora \u2013 MG Faz saber que pretendem casar-se:01 &#8211; CARLOS CLEONI DE SOUZA MORAES, maior, empres\u00e1rio, resid\u00eancia Rua Itamar Soares de Oliveira, [&hellip;]<\/p>\n","protected":false},"author":96,"featured_media":0,"comment_status":"closed","ping_status":"closed","sticky":false,"template":"","format":"standard","meta":{"footnotes":""},"categories":[307],"tags":[],"class_list":["post-96142","post","type-post","status-publish","format-standard","hentry","category-editais"],"_links":{"self":[{"href":"https:\/\/diarioregionaldigital.com.br\/index.php?rest_route=\/wp\/v2\/posts\/96142","targetHints":{"allow":["GET"]}}],"collection":[{"href":"https:\/\/diarioregionaldigital.com.br\/index.php?rest_route=\/wp\/v2\/posts"}],"about":[{"href":"https:\/\/diarioregionaldigital.com.br\/index.php?rest_route=\/wp\/v2\/types\/post"}],"author":[{"embeddable":true,"href":"https:\/\/diarioregionaldigital.com.br\/index.php?rest_route=\/wp\/v2\/users\/96"}],"replies":[{"embeddable":true,"href":"https:\/\/diarioregionaldigital.com.br\/index.php?rest_route=%2Fwp%2Fv2%2Fcomments&post=96142"}],"version-history":[{"count":0,"href":"https:\/\/diarioregionaldigital.com.br\/index.php?rest_route=\/wp\/v2\/posts\/96142\/revisions"}],"wp:attachment":[{"href":"https:\/\/diarioregionaldigital.com.br\/index.php?rest_route=%2Fwp%2Fv2%2Fmedia&parent=96142"}],"wp:term":[{"taxonomy":"category","embeddable":true,"href":"https:\/\/diarioregionaldigital.com.br\/index.php?rest_route=%2Fwp%2Fv2%2Fcategories&post=96142"},{"taxonomy":"post_tag","embeddable":true,"href":"https:\/\/diarioregionaldigital.com.br\/index.php?rest_route=%2Fwp%2Fv2%2Ftags&post=96142"}],"curies":[{"name":"wp","href":"https:\/\/api.w.org\/{rel}","templated":true}]}}