{"id":96141,"date":"2018-04-11T22:42:31","date_gmt":"2018-04-12T01:42:31","guid":{"rendered":"http:\/\/diarioregionaljf.com.br\/2018\/04\/11\/competencia\/"},"modified":"2018-04-11T22:42:31","modified_gmt":"2018-04-12T01:42:31","slug":"competencia","status":"publish","type":"post","link":"https:\/\/diarioregionaldigital.com.br\/?p=96141","title":{"rendered":"Compet\u00eancia"},"content":{"rendered":"<p style=\"text-align: center;\"><span class=\"h4\">Compet\u00eancia<\/span><br \/>Conjugando compet\u00eancia em sua \u00e1rea e alertando para a qualidade de vida, o ex-professor da UFJF, o pediatra Luiz Ant\u00f4nio Tavares Neves fez confer\u00eancia com transmiss\u00e3o \u2018online\u2019 na Faculdade de Sa\u00fade P\u00fablica da USP, para mestrandos e doutorandos em sa\u00fade perinatal. Ele falou sobre os aspectos preventivos da les\u00e3o cerebral em rec\u00e9m-nascidos prematuros.<\/p>\n<p style=\"text-align: center;\"><span class=\"h4\">Nuvem Perfumada<\/span><br \/>A HBO vai produzir uma s\u00e9rie de fic\u00e7\u00e3o ambientada numa grande cidade brasileira, num futuro pr\u00f3ximo, em que o consumo da maconha estaria liberado. \u201cO pico da neblina\u201d ter\u00e1 dire\u00e7\u00e3o de Fernando e Quico Meirelles, da O2. O elenco ainda n\u00e3o foi escalado.<\/p>\n<p style=\"text-align: center;\"><span class=\"h4\">Underground<\/span><br \/>Retornando de S\u00e3o Paulo, o arquiteto Guilherme Macedo rasgou elogios ao bar Arcos, comandado pelo Grupo Vegas. Localizado no subsolo do Theatro Municipal, \u00e9 pilotado pelo empres\u00e1rio Facundo Guerra.<\/p>\n<p style=\"text-align: center;\"><span class=\"h4\">Arte<\/span><br \/>Est\u00e1 bonita e colorida a exposi\u00e7\u00e3o em homenagem ao Dia do \u00cdndio encravada no Museu de Hist\u00f3ria Natural e Etnologia Ind\u00edgena do CES\/JF e Academia.<\/p>\n<p style=\"text-align: center;\"><span class=\"h4\">Chique<\/span><br \/>O Fasano inaugurou este m\u00eas a sua quinta unidade, desta vez em Angra dos Reis, no Rio. O empreendimento faz parte do complexo de luxo Frad. E conta com 60 su\u00edtes com vista para o mar, manna particular, al\u00e9m de dois restaurantes.<\/p>\n<p style=\"text-align: center;\"><span class=\"h4\">Luxo<\/span><br \/>Depois de encerrar em maio deste ano, as atividades da Voya, marca de j\u00f3ias criada com a amiga Camila Cunha em 2014, a carioca Maria Frering lan\u00e7a neste m\u00eas uma nova grife de acess\u00f3rios que leva o seu nome.<\/p>\n<p style=\"text-align: center;\"><span class=\"h4\">Dica Esperta<\/span><br \/>Com grande festa a dupla sensa\u00e7\u00e3o Leonardo de Freitas &amp; Fabiano lan\u00e7am no s\u00e1bado, 14, na Avalon, a nova m\u00fasica \u201cCora\u00e7\u00e3o de Algod\u00e3o\u201d. Ser\u00e1 a partir das 22h, com a presen\u00e7a da dupla Jo\u00e3o Lucas &amp; Marcelo.<\/p>\n<p style=\"text-align: center;\"><img decoding=\"async\" class=\" size-full wp-image-96131\" src=\"http:\/\/diarioregionaljf.com.br\/wp-content\/uploads\/2018\/04\/fotoaa.jpg\" alt=\"fotoaa.jpg\" width=\"680\" style=\"display: block; margin-left: auto; margin-right: auto;\" srcset=\"https:\/\/diarioregionaldigital.com.br\/wp-content\/uploads\/2018\/04\/fotoaa.jpg 678w, https:\/\/diarioregionaldigital.com.br\/wp-content\/uploads\/2018\/04\/fotoaa-300x199.jpg 300w, https:\/\/diarioregionaldigital.com.br\/wp-content\/uploads\/2018\/04\/fotoaa-360x239.jpg 360w\" sizes=\"(max-width: 678px) 100vw, 678px\" \/>No fin\u00edssimo coquetel no Spazio Shopping Design, os jovens empreendedores, Rodrigo Motta, Maria Clara Lopes, Rafael Fajardo, Leonardo Ferraz e Marcelo Goyat\u00e1<\/p>\n<p style=\"text-align: center;\"><img decoding=\"async\" class=\" size-full wp-image-96132\" src=\"http:\/\/diarioregionaljf.com.br\/wp-content\/uploads\/2018\/04\/fotob.jpg\" alt=\"fotob.jpg\" width=\"680\" style=\"display: block; margin-left: auto; margin-right: auto;\" srcset=\"https:\/\/diarioregionaldigital.com.br\/wp-content\/uploads\/2018\/04\/fotob.jpg 680w, https:\/\/diarioregionaldigital.com.br\/wp-content\/uploads\/2018\/04\/fotob-266x300.jpg 266w, https:\/\/diarioregionaldigital.com.br\/wp-content\/uploads\/2018\/04\/fotob-360x407.jpg 360w\" sizes=\"(max-width: 680px) 100vw, 680px\" \/>Fazendo social, as bonitas Eduarda Lima e Erika Lessa<\/p>\n<p style=\"text-align: center;\"><img decoding=\"async\" class=\" size-full wp-image-96133\" src=\"http:\/\/diarioregionaljf.com.br\/wp-content\/uploads\/2018\/04\/fotobb.jpg\" alt=\"fotobb.jpg\" width=\"680\" style=\"display: block; margin-left: auto; margin-right: auto;\" srcset=\"https:\/\/diarioregionaldigital.com.br\/wp-content\/uploads\/2018\/04\/fotobb.jpg 680w, https:\/\/diarioregionaldigital.com.br\/wp-content\/uploads\/2018\/04\/fotobb-300x199.jpg 300w, https:\/\/diarioregionaldigital.com.br\/wp-content\/uploads\/2018\/04\/fotobb-360x238.jpg 360w\" sizes=\"(max-width: 680px) 100vw, 680px\" \/>A bel\u00edssima Ra\u00edza Dornelas Cond\u00e9 aniversariou e reuniu amigos no Santa Birita com Maicon Soares, J\u00falia Moraes, Ana Let\u00edcia, Camila Branco, Fernando Moraes e Guilherme Souza<\/p>\n<p style=\"text-align: center;\"><img decoding=\"async\" class=\" size-full wp-image-96134\" src=\"http:\/\/diarioregionaljf.com.br\/wp-content\/uploads\/2018\/04\/fotoc.jpg\" alt=\"fotoc.jpg\" width=\"680\" style=\"display: block; margin-left: auto; margin-right: auto;\" srcset=\"https:\/\/diarioregionaldigital.com.br\/wp-content\/uploads\/2018\/04\/fotoc.jpg 680w, https:\/\/diarioregionaldigital.com.br\/wp-content\/uploads\/2018\/04\/fotoc-300x199.jpg 300w, https:\/\/diarioregionaldigital.com.br\/wp-content\/uploads\/2018\/04\/fotoc-360x238.jpg 360w\" sizes=\"(max-width: 680px) 100vw, 680px\" \/>Depois de mini f\u00e9rias em Niter\u00f3i, o empres\u00e1rio M\u00e1rcio Marques retorna a sua loja M. Marques com a cole\u00e7\u00e3o outono-inverno<\/p>\n<p style=\"text-align: center;\"><img decoding=\"async\" class=\" size-full wp-image-96135\" src=\"http:\/\/diarioregionaljf.com.br\/wp-content\/uploads\/2018\/04\/fotod.jpg\" alt=\"fotod.jpg\" width=\"680\" style=\"display: block; margin-left: auto; margin-right: auto;\" srcset=\"https:\/\/diarioregionaldigital.com.br\/wp-content\/uploads\/2018\/04\/fotod.jpg 680w, https:\/\/diarioregionaldigital.com.br\/wp-content\/uploads\/2018\/04\/fotod-300x197.jpg 300w, https:\/\/diarioregionaldigital.com.br\/wp-content\/uploads\/2018\/04\/fotod-360x237.jpg 360w\" sizes=\"(max-width: 680px) 100vw, 680px\" \/>Em festa suntuosa no Terrazzo, Dryano Queir\u00f3s e Nayara Botelho<\/p>\n<p style=\"text-align: center;\"><img decoding=\"async\" class=\" size-full wp-image-96136\" src=\"http:\/\/diarioregionaljf.com.br\/wp-content\/uploads\/2018\/04\/fotof.jpg\" alt=\"fotof.jpg\" width=\"680\" style=\"display: block; margin-left: auto; margin-right: auto;\" srcset=\"https:\/\/diarioregionaldigital.com.br\/wp-content\/uploads\/2018\/04\/fotof.jpg 680w, https:\/\/diarioregionaldigital.com.br\/wp-content\/uploads\/2018\/04\/fotof-300x199.jpg 300w, https:\/\/diarioregionaldigital.com.br\/wp-content\/uploads\/2018\/04\/fotof-360x238.jpg 360w\" sizes=\"(max-width: 680px) 100vw, 680px\" \/>No Constantino Hotel, a deslumbrante Nayane Neto exibe brincos by Candy<\/p>\n<p style=\"text-align: center;\"><img decoding=\"async\" class=\" size-full wp-image-96137\" src=\"http:\/\/diarioregionaljf.com.br\/wp-content\/uploads\/2018\/04\/fotog.jpg\" alt=\"fotog.jpg\" width=\"680\" style=\"display: block; margin-left: auto; margin-right: auto;\" srcset=\"https:\/\/diarioregionaldigital.com.br\/wp-content\/uploads\/2018\/04\/fotog.jpg 680w, https:\/\/diarioregionaldigital.com.br\/wp-content\/uploads\/2018\/04\/fotog-300x198.jpg 300w, https:\/\/diarioregionaldigital.com.br\/wp-content\/uploads\/2018\/04\/fotog-360x237.jpg 360w\" sizes=\"(max-width: 680px) 100vw, 680px\" \/>Causando impacto com seus drinques, o barman Gustavo Ferreira Costa<\/p>\n<p style=\"text-align: center;\"><img decoding=\"async\" class=\" size-full wp-image-96138\" src=\"http:\/\/diarioregionaljf.com.br\/wp-content\/uploads\/2018\/04\/fotoh.jpg\" alt=\"fotoh.jpg\" width=\"680\" style=\"display: block; margin-left: auto; margin-right: auto;\" srcset=\"https:\/\/diarioregionaldigital.com.br\/wp-content\/uploads\/2018\/04\/fotoh.jpg 680w, https:\/\/diarioregionaldigital.com.br\/wp-content\/uploads\/2018\/04\/fotoh-300x169.jpg 300w, https:\/\/diarioregionaldigital.com.br\/wp-content\/uploads\/2018\/04\/fotoh-360x203.jpg 360w\" sizes=\"(max-width: 680px) 100vw, 680px\" \/>O bonito casal Carla Cabral e Bruno Pereira em momento de muita f\u00e9 na Igreja de S\u00e3o Sebasti\u00e3o<\/p>\n<p style=\"text-align: center;\"><img decoding=\"async\" class=\" size-full wp-image-96139\" src=\"http:\/\/diarioregionaljf.com.br\/wp-content\/uploads\/2018\/04\/fotoi.jpg\" alt=\"fotoi.jpg\" width=\"680\" style=\"display: block; margin-left: auto; margin-right: auto;\" srcset=\"https:\/\/diarioregionaldigital.com.br\/wp-content\/uploads\/2018\/04\/fotoi.jpg 680w, https:\/\/diarioregionaldigital.com.br\/wp-content\/uploads\/2018\/04\/fotoi-300x169.jpg 300w, https:\/\/diarioregionaldigital.com.br\/wp-content\/uploads\/2018\/04\/fotoi-360x203.jpg 360w\" sizes=\"(max-width: 680px) 100vw, 680px\" \/>O ator de JF, Fl\u00e1vio Fusco faz sucesso com seu programa #Fui com Fusco, no Vai Ali, da Net<\/p>\n<p style=\"text-align: center;\"><img decoding=\"async\" class=\" size-full wp-image-96140\" src=\"http:\/\/diarioregionaljf.com.br\/wp-content\/uploads\/2018\/04\/fotol.jpg\" alt=\"fotol.jpg\" width=\"680\" style=\"display: block; margin-left: auto; margin-right: auto;\" srcset=\"https:\/\/diarioregionaldigital.com.br\/wp-content\/uploads\/2018\/04\/fotol.jpg 680w, https:\/\/diarioregionaldigital.com.br\/wp-content\/uploads\/2018\/04\/fotol-300x199.jpg 300w, https:\/\/diarioregionaldigital.com.br\/wp-content\/uploads\/2018\/04\/fotol-360x238.jpg 360w\" sizes=\"(max-width: 680px) 100vw, 680px\" \/>Encerrando esta coluna, o charme e a beleza de N\u00edvea Passos fazendo outono<\/p>\n<p class=\"h4\" style=\"text-align: center;\">FOTOSS\u00cdNTESE<\/p>\n<p>Vai bombar no dia 16 de junho, \u00e0s 13h, a Feijoada da Copa no Sal\u00e3o Cristal do Cascatinha. O tom musical ser\u00e1 do grupo La\u00e7os de Amizade.<\/p>\n<p>Nos dias 12 e 13 de abril, \u00e0s 18h, o Mister Shopping vai apresentar mais uma vers\u00e3o do Fashion Day\u2019s, com desfile mostrando a cole\u00e7\u00e3o outono inverno da passarela para as vitrines de moda.<\/p>\n<p>Em estilo que marca a diferen\u00e7a, o Gran Victory Hotel recebe no s\u00e1bado, 14, a Feijoada da Ascomcer. Uma tarde de muita solidariedade e divers\u00e3o. No palco: DJ Felipe Castro, Renan &amp; Cristiano, Alessandra Crispin e Bateria Unidos do Ladeira.<\/p>\n<p>Em clima entusiasmo total, Alexandre Hill Maestrini lan\u00e7a, no dia 12 de junho, o livro \u201cFranz Hill \u2013 di\u00e1rio de um imigrante alem\u00e3o\u201d. Nas linhas, a hist\u00f3ria de seus antepassados que fixaram resid\u00eancia em Juiz de Fora h\u00e1 60 anos.<\/p>\n<p>Com a Biblioteca Municipal Murilo Mendes toda iluminada ser\u00e1 lan\u00e7ado no dia 13 de abril, \u00e0s 18h30, o livro \u201cDante o elefante comediante\u201d. Palmas para a autora Maris\u00e9lia Souza e a ilustradora Ros\u00e1lia Lopes.<\/p>\n<p>Eterna rainha da cocada preta Silvana Marques vai abalar sua Esta\u00e7\u00e3o Cultural, nos dias 14 e 15 de abril. Ela vai montar uma t\u00edpica milonga argentina (baile argentino onde se dan\u00e7a o tango) com a participa\u00e7\u00e3o do professor, dan\u00e7arino e produtor do Congresso de Tango no Brasil, Fernando de Campos.<\/p>\n<p>Com festa para 200 convidados e censura 18 anos, ser\u00e1 realizado no dia 21 de abril, de 16h \u00e0s 21h, no sal\u00e3o social do E. C. S\u00e3o Carlos, o 1\u00ba Festival de Chopp do JK. O evento ter\u00e1 m\u00fasica ao vivo com parte da renda beneficente.<\/p>\n<p>A especialista em implantes ubaense odont\u00f3loga Evelyn Lacerda \u00e9 a convidada da Faculdade Est\u00e1cio de S\u00e1, no dia, 25 de abril para a Aula Magna sobre especializa\u00e7\u00e3o em implantodontia, com cirurgia ao vivo.<\/p>\n<p>Sempre sol\u00edcitas e antenadas, as diretoras da Creche Escola Infantil Novo Espa\u00e7o, estar\u00e3o entre os dias 3 e 6 de maio em Florian\u00f3polis (SC). Na bonita cidade, elas ir\u00e3o conhecer a Pedagogia Floren\u00e7a.<\/p>\n<p>Vai ser em Visconde do Rio Branco a comemora\u00e7\u00e3o de 35 anos de carreira do cantor Paulinho Pedra Azul, no Clube dos 50, dia 20 de abril, com show. Assinando o pergaminho, Ta\u00eds Cunha.<\/p>\n<p>Tem apoio da editora Panini e a Banca Pioneira (by Giulio Caruso) a iniciativa do Shopping Jardim Norte com a cria\u00e7\u00e3o do Espa\u00e7o do Torcedor para troca de figurinhas da Copa.<\/p>\n<p>A Energisa escolheu o Rodovi\u00e1rio Camilo dos Santos para se espelhar em seu projeto de melhorias no setor. Visitando o Park Sul, os executivos da Energisa Cl\u00e1udio Souza, Jaylson Santos e James Lamim, foram recebidos pelo gerente Thiago Evangelista.<\/p>\n<p>Aten\u00e7\u00e3o: Enquanto muitas pessoas com sa\u00fade reclamam da vida, tem muitas outras \u00e0 beira da morte, que est\u00e3o felizes por mais um dia. Pense nisto e destrave.<\/p>\n","protected":false},"excerpt":{"rendered":"<p>Compet\u00eanciaConjugando compet\u00eancia em sua \u00e1rea e alertando para a qualidade de vida, o ex-professor da UFJF, o pediatra Luiz Ant\u00f4nio Tavares Neves fez confer\u00eancia com transmiss\u00e3o \u2018online\u2019 na Faculdade de Sa\u00fade P\u00fablica da USP, para mestrandos e doutorandos em sa\u00fade perinatal. Ele falou sobre os aspectos preventivos da les\u00e3o cerebral em rec\u00e9m-nascidos prematuros. Nuvem PerfumadaA [&hellip;]<\/p>\n","protected":false},"author":96,"featured_media":96130,"comment_status":"closed","ping_status":"closed","sticky":false,"template":"","format":"standard","meta":{"footnotes":""},"categories":[264],"tags":[],"class_list":["post-96141","post","type-post","status-publish","format-standard","has-post-thumbnail","hentry","category-eduardo-gomes"],"_links":{"self":[{"href":"https:\/\/diarioregionaldigital.com.br\/index.php?rest_route=\/wp\/v2\/posts\/96141","targetHints":{"allow":["GET"]}}],"collection":[{"href":"https:\/\/diarioregionaldigital.com.br\/index.php?rest_route=\/wp\/v2\/posts"}],"about":[{"href":"https:\/\/diarioregionaldigital.com.br\/index.php?rest_route=\/wp\/v2\/types\/post"}],"author":[{"embeddable":true,"href":"https:\/\/diarioregionaldigital.com.br\/index.php?rest_route=\/wp\/v2\/users\/96"}],"replies":[{"embeddable":true,"href":"https:\/\/diarioregionaldigital.com.br\/index.php?rest_route=%2Fwp%2Fv2%2Fcomments&post=96141"}],"version-history":[{"count":0,"href":"https:\/\/diarioregionaldigital.com.br\/index.php?rest_route=\/wp\/v2\/posts\/96141\/revisions"}],"wp:featuredmedia":[{"embeddable":true,"href":"https:\/\/diarioregionaldigital.com.br\/index.php?rest_route=\/wp\/v2\/media\/96130"}],"wp:attachment":[{"href":"https:\/\/diarioregionaldigital.com.br\/index.php?rest_route=%2Fwp%2Fv2%2Fmedia&parent=96141"}],"wp:term":[{"taxonomy":"category","embeddable":true,"href":"https:\/\/diarioregionaldigital.com.br\/index.php?rest_route=%2Fwp%2Fv2%2Fcategories&post=96141"},{"taxonomy":"post_tag","embeddable":true,"href":"https:\/\/diarioregionaldigital.com.br\/index.php?rest_route=%2Fwp%2Fv2%2Ftags&post=96141"}],"curies":[{"name":"wp","href":"https:\/\/api.w.org\/{rel}","templated":true}]}}