{"id":96129,"date":"2018-04-11T22:21:23","date_gmt":"2018-04-12T01:21:23","guid":{"rendered":"http:\/\/diarioregionaljf.com.br\/2018\/04\/11\/suspeito-de-estuprar-idosa-e-preso-em-menos-de-24h\/"},"modified":"2018-04-11T22:21:23","modified_gmt":"2018-04-12T01:21:23","slug":"suspeito-de-estuprar-idosa-e-preso-em-menos-de-24h","status":"publish","type":"post","link":"https:\/\/diarioregionaldigital.com.br\/?p=96129","title":{"rendered":"Suspeito de estuprar idosa \u00e9 preso em menos de 24h"},"content":{"rendered":"<p>Um homem de 28 anos foi preso na tarde dessa quarta-feira, 11, suspeito de ter assaltado e estuprado uma idosa de 77 anos. O crime ocorreu na madrugada de ter\u00e7a-feira, 10, no bairro Grama, zona Nordeste. Conforme o registro da ocorr\u00eancia, a v\u00edtima contou \u00e0 Pol\u00edcia Militar (PM) que estava em casa quando foi surpreendida por um indiv\u00edduo armado com uma faca.<\/p>\n<p>\u201cO autor teria tirado duas telhas do telhado e adentrado no im\u00f3vel. Chegou ao quarto dela e pediu que ela entregasse algum dinheiro ou material de valor. A v\u00edtima deu o que tinha e com a faca, que ele tinha pegado na cozinha da resid\u00eancia, o suspeito a amea\u00e7ou e a estuprou, inclusive a v\u00edtima foi obrigada a fazer sexo oral nele. Ap\u00f3s o crime, o homem fugiu e levou cerca de R$100\u201d, relatou a delegada Ione Barbosa, respons\u00e1vel pelo caso.<\/p>\n<p>Ap\u00f3s serem notificados, os militares seguiram realizando buscas pela regi\u00e3o e o suspeito foi detido na tarde dessa quarta no bairro Parque Independ\u00eancia, na mesma regi\u00e3o. \u201cN\u00f3s solicitamos que ele [o suspeito] fosse levado a Delegacia Regional. A v\u00edtima foi chamada e ela reconheceu o suspeito como autor do assalto e do estupro. Mediante a afirma\u00e7\u00e3o, n\u00f3s demos voz de pris\u00e3o em flagrante. Vale ressaltar, que em menos de 24 horas, o caso foi resolvido\u201d, ressaltou a delegada.<\/p>\n<p>A v\u00edtima tamb\u00e9m sofreu les\u00e3o no rosto e na m\u00e3o. \u201cComo o autor usou a faca para obrig\u00e1-la a ter conjun\u00e7\u00e3o carnal e fazer sexo oral, em determinado momento, ela acabou se movimentando e feriu o&nbsp;rosto\u201d, disse Ione. Vale lembrar, que ap\u00f3s o crime, a idosa foi encaminhada ao Hospital de Pronto Socorro (HPS), onde foi atendida e submetida \u00e0 avalia\u00e7\u00e3o m\u00e9dica, ficando constatado o crime de estupro. \u201cFoi coletado material de ambos [suspeito e v\u00edtima] e de um outro homem, que a gente tamb\u00e9m suspeitava, e ser\u00e1 submetido \u00e0 per\u00edcia no Instituto M\u00e9dico Legal. Al\u00e9m disso, ele contou que \u00e9 portador de HIV\u201d, reiterou Ione.<\/p>\n<h4>&nbsp;<\/h4>\n<h4>O PERFIL DO SUSPEITO<\/h4>\n<p>De acordo com a delegada, o suspeito possui diversas passagens por roubo e furto, inclusive, ele est\u00e1 cumprindo o regime semi-aberto. \u201cEle nega totalmente o crime, mas testemunhas afirmaram que viram o suspeito comprando drogas no bairro no dia seguinte\u201d, disse Ione. \u201cEle vai responder por roubo e estupro, por\u00e9m os dois crimes ter\u00e3o agravantes, pelo fato da v\u00edtima ser uma idosa e por ele ter invadido o im\u00f3vel. A pena pode chegar a 30 anos\u201d, acrescentou.<\/p>\n<p>O suspeito foi conduzido ao Centro de Remanejamento do Sistema Prisional de Juiz de Fora (Ceresp\/JF). \u201cEspero concluir o caso em 10 dias, pois vamos aguardar o resultado dos laudos periciais. Em seguida, encaminharemos a Justi\u00e7a\u201d, finalizou Ione.<\/p>\n","protected":false},"excerpt":{"rendered":"<p>Um homem de 28 anos foi preso na tarde dessa quarta-feira, 11, suspeito de ter assaltado e estuprado uma idosa de 77 anos. O crime ocorreu na madrugada de ter\u00e7a-feira, 10, no bairro Grama, zona Nordeste. Conforme o registro da ocorr\u00eancia, a v\u00edtima contou \u00e0 Pol\u00edcia Militar (PM) que estava em casa quando foi surpreendida [&hellip;]<\/p>\n","protected":false},"author":96,"featured_media":96128,"comment_status":"closed","ping_status":"closed","sticky":false,"template":"","format":"standard","meta":{"footnotes":""},"categories":[253],"tags":[],"class_list":["post-96129","post","type-post","status-publish","format-standard","has-post-thumbnail","hentry","category-cidade"],"_links":{"self":[{"href":"https:\/\/diarioregionaldigital.com.br\/index.php?rest_route=\/wp\/v2\/posts\/96129","targetHints":{"allow":["GET"]}}],"collection":[{"href":"https:\/\/diarioregionaldigital.com.br\/index.php?rest_route=\/wp\/v2\/posts"}],"about":[{"href":"https:\/\/diarioregionaldigital.com.br\/index.php?rest_route=\/wp\/v2\/types\/post"}],"author":[{"embeddable":true,"href":"https:\/\/diarioregionaldigital.com.br\/index.php?rest_route=\/wp\/v2\/users\/96"}],"replies":[{"embeddable":true,"href":"https:\/\/diarioregionaldigital.com.br\/index.php?rest_route=%2Fwp%2Fv2%2Fcomments&post=96129"}],"version-history":[{"count":0,"href":"https:\/\/diarioregionaldigital.com.br\/index.php?rest_route=\/wp\/v2\/posts\/96129\/revisions"}],"wp:featuredmedia":[{"embeddable":true,"href":"https:\/\/diarioregionaldigital.com.br\/index.php?rest_route=\/wp\/v2\/media\/96128"}],"wp:attachment":[{"href":"https:\/\/diarioregionaldigital.com.br\/index.php?rest_route=%2Fwp%2Fv2%2Fmedia&parent=96129"}],"wp:term":[{"taxonomy":"category","embeddable":true,"href":"https:\/\/diarioregionaldigital.com.br\/index.php?rest_route=%2Fwp%2Fv2%2Fcategories&post=96129"},{"taxonomy":"post_tag","embeddable":true,"href":"https:\/\/diarioregionaldigital.com.br\/index.php?rest_route=%2Fwp%2Fv2%2Ftags&post=96129"}],"curies":[{"name":"wp","href":"https:\/\/api.w.org\/{rel}","templated":true}]}}