{"id":96127,"date":"2018-04-11T22:17:29","date_gmt":"2018-04-12T01:17:29","guid":{"rendered":"http:\/\/diarioregionaljf.com.br\/2018\/04\/11\/pm-ja-recuperou-48-veiculos-que-foram-furtados-ou-roubados-em-jf\/"},"modified":"2018-04-11T22:17:29","modified_gmt":"2018-04-12T01:17:29","slug":"pm-ja-recuperou-48-veiculos-que-foram-furtados-ou-roubados-em-jf","status":"publish","type":"post","link":"https:\/\/diarioregionaldigital.com.br\/?p=96127","title":{"rendered":"PM j\u00e1 recuperou 48 ve\u00edculos que foram furtados ou roubados em JF"},"content":{"rendered":"<p>A Pol\u00edcia Militar (PM) recuperou na madrugada dessa quarta-feira, 11, um ve\u00edculo Ford Fiesta, que teria sido roubado. Este \u00e9 o 48\u00b0 autom\u00f3vel localizado pela corpora\u00e7\u00e3o nos \u00faltimos tr\u00eas meses. Conforme as informa\u00e7\u00f5es da pol\u00edcia, dois indiv\u00edduos armados teriam rendido duas mulheres, de 33 e 37 anos, ocupantes do carro, na Avenida dos Andradas, por volta 23h30, de ter\u00e7a-feira, 10. As v\u00edtimas foram mantidas no autom\u00f3vel at\u00e9 as proximidades do bairro Distrito Industrial, na Zona Norte, quando foram liberadas pelos assaltantes. As buscas pelos suspeitos come\u00e7aram pouco tempo depois da a\u00e7\u00e3o, quando a PM recebeu den\u00fancia. O rastreamento realizado pela pol\u00edcia durou cerca de quatro horas, resultando na localiza\u00e7\u00e3o do carro em situa\u00e7\u00e3o de abandono no bairro Jardim dos Alfineiros, na mesma regi\u00e3o. Os homens n\u00e3o foram localizados.<\/p>\n<p>Apesar de a corpora\u00e7\u00e3o ter registrado queda de 52% no n\u00famero de autom\u00f3veis furtados e de 29% na quantidade de roubados em Juiz de Fora, no per\u00edodo, ela refor\u00e7a a necessidade de mudan\u00e7a de comportamento da popula\u00e7\u00e3o para que esses crimes sejam evitados. De acordo com o assessor de comunica\u00e7\u00e3o da 4\u00aa Regi\u00e3o de PM, major Jov\u00e2nio Campos, algumas a\u00e7\u00f5es podem ser adotadas pelos condutores para evitar exposi\u00e7\u00e3o e a possibilidade de se tornar v\u00edtima.<\/p>\n<p>\u201cO cidad\u00e3o tem uma parcela de responsabilidade sobre seus pertences. \u00c9 importante que as pessoas adotem procedimento para manter o carro em seguro. A primeira coisa \u00e9 que o ve\u00edculo precisa estar fechado. Pode ser brincadeira, mas ainda vemos carros no Centro de Juiz de Fora, com vidros abaixados e com chave na igni\u00e7\u00e3o, sem a presen\u00e7a do propriet\u00e1rio. Outra quest\u00e3o \u00e9 o cuidado refor\u00e7ado sobre onde vai estacionar o carro, especialmente com rela\u00e7\u00e3o a furtos. Se tiver algum sistema de seguran\u00e7a como alarmes, travas, pode ajudar. Evitar deixar objetos que chamem aten\u00e7\u00e3o no interior do ve\u00edculo, bolsas, telefones celulares, maletas e outros que deem a ideia de valor\u201d, diz.<\/p>\n<p>Se tratando de roubo, o major explica que o local de estacionamento e a quantidade de pessoas no entorno podem contribuir para a pr\u00e1tica criminosa. \u201cO ideal \u00e9 observar os locais de parada. Evitar ambientes escuros, com pouca movimenta\u00e7\u00e3o. Tamb\u00e9m tem aquela situa\u00e7\u00e3o em que o motorista estaciona e fica no carro aguardando a chegada de algu\u00e9m e isso pode ser perigoso, pois o criminoso pode surpreender e se aproveitar de uma situa\u00e7\u00e3o relativamente mais f\u00e1cil, uma vez que \u00e9 s\u00f3 entrar no carro e sair dirigindo. Sempre procurar locais seguros. \u00c0 noite, os cuidados precis\u00e3o ser refor\u00e7ados, j\u00e1 que a redu\u00e7\u00e3o de pessoas que est\u00e3o circulando, incide no aumento de crimes\u201d, afirma.<\/p>\n<p>No caso de uma eventual a\u00e7\u00e3o, a dica \u00e9 n\u00e3o reagir e acionar a PM. \u201cSe poss\u00edvel, memorizar as caracter\u00edsticas e a rota de fuga do indiv\u00edduo e acionar a pol\u00edcia. No momento de tens\u00e3o, geralmente, as pessoas t\u00eam o costume de ligar para parentes, comunicam o crime nas redes sociais e deixam para chamar a PM depois. Por\u00e9m, qualquer segundo \u00e9 precioso. Um bandido com a inten\u00e7\u00e3o de desmanchar ou esconder o ve\u00edculo, consegue, em pouco tempo, concluir a a\u00e7\u00e3o. A\u00ed, a import\u00e2ncia de nos chamar o mais r\u00e1pido poss\u00edvel\u201d, frisa Campos.<\/p>\n","protected":false},"excerpt":{"rendered":"<p>A Pol\u00edcia Militar (PM) recuperou na madrugada dessa quarta-feira, 11, um ve\u00edculo Ford Fiesta, que teria sido roubado. Este \u00e9 o 48\u00b0 autom\u00f3vel localizado pela corpora\u00e7\u00e3o nos \u00faltimos tr\u00eas meses. Conforme as informa\u00e7\u00f5es da pol\u00edcia, dois indiv\u00edduos armados teriam rendido duas mulheres, de 33 e 37 anos, ocupantes do carro, na Avenida dos Andradas, por [&hellip;]<\/p>\n","protected":false},"author":96,"featured_media":0,"comment_status":"closed","ping_status":"closed","sticky":false,"template":"","format":"standard","meta":{"footnotes":""},"categories":[253],"tags":[],"class_list":["post-96127","post","type-post","status-publish","format-standard","hentry","category-cidade"],"_links":{"self":[{"href":"https:\/\/diarioregionaldigital.com.br\/index.php?rest_route=\/wp\/v2\/posts\/96127","targetHints":{"allow":["GET"]}}],"collection":[{"href":"https:\/\/diarioregionaldigital.com.br\/index.php?rest_route=\/wp\/v2\/posts"}],"about":[{"href":"https:\/\/diarioregionaldigital.com.br\/index.php?rest_route=\/wp\/v2\/types\/post"}],"author":[{"embeddable":true,"href":"https:\/\/diarioregionaldigital.com.br\/index.php?rest_route=\/wp\/v2\/users\/96"}],"replies":[{"embeddable":true,"href":"https:\/\/diarioregionaldigital.com.br\/index.php?rest_route=%2Fwp%2Fv2%2Fcomments&post=96127"}],"version-history":[{"count":0,"href":"https:\/\/diarioregionaldigital.com.br\/index.php?rest_route=\/wp\/v2\/posts\/96127\/revisions"}],"wp:attachment":[{"href":"https:\/\/diarioregionaldigital.com.br\/index.php?rest_route=%2Fwp%2Fv2%2Fmedia&parent=96127"}],"wp:term":[{"taxonomy":"category","embeddable":true,"href":"https:\/\/diarioregionaldigital.com.br\/index.php?rest_route=%2Fwp%2Fv2%2Fcategories&post=96127"},{"taxonomy":"post_tag","embeddable":true,"href":"https:\/\/diarioregionaldigital.com.br\/index.php?rest_route=%2Fwp%2Fv2%2Ftags&post=96127"}],"curies":[{"name":"wp","href":"https:\/\/api.w.org\/{rel}","templated":true}]}}