{"id":96126,"date":"2018-04-11T19:38:12","date_gmt":"2018-04-11T22:38:12","guid":{"rendered":"http:\/\/diarioregionaljf.com.br\/2018\/04\/11\/usuarios-de-ubs-flagram-servidores-batendo-o-ponto-e-indo-embora-da-unidade\/"},"modified":"2018-04-11T19:38:12","modified_gmt":"2018-04-11T22:38:12","slug":"usuarios-de-ubs-flagram-servidores-batendo-o-ponto-e-indo-embora-da-unidade","status":"publish","type":"post","link":"https:\/\/diarioregionaldigital.com.br\/?p=96126","title":{"rendered":"Usu\u00e1rios de UBS flagram servidores batendo o ponto e indo embora da unidade"},"content":{"rendered":"<p>A Secretaria de Sa\u00fade (SS) da Prefeitura de Juiz de Fora (PJF) vai investigar o suposto caso de agentes comunit\u00e1rios de sa\u00fade que foram flagrados batendo o cart\u00e3o de ponto em uma Unidade B\u00e1sica de Sa\u00fade (UBS), e depois indo embora para suas resid\u00eancias ou para realizar outros afazeres n\u00e3o relacionados ao seu trabalho, voltando no posto apenas no final do expediente. A situa\u00e7\u00e3o foi registrada por usu\u00e1rios da UBS do bairro Retiro, zona Sudeste, que procuraram a reportagem do Di\u00e1rio Regional para relatar tal situa\u00e7\u00e3o.<\/p>\n<p>\u201cA maioria vai para a unidade de manh\u00e3, bate o ponto e volta para casa para fazer algum trabalho dom\u00e9stico. Em alguns casos, os agentes t\u00eam um segundo emprego, que \u00e9 executado enquanto deveriam estar na unidade. Quando chega a hora de encerrar o expediente, eles voltam para a UBS para bater o ponto de sa\u00edda. S\u00e3o v\u00e1rias pessoas que n\u00e3o desempenham a fun\u00e7\u00e3o\u201d, conta um morador do bairro, que preferiu n\u00e3o se identificar.<\/p>\n<p>Segundo ele, os agentes n\u00e3o t\u00eam realizado as visitas peri\u00f3dicas nas resid\u00eancias. \u201cOcasionalmente, a gente observa que eles colocam o uniforme e visitam um lugar ou outro. Falta fiscaliza\u00e7\u00e3o, eles est\u00e3o acomodados, pois chega o dia de pagamento, eles recebem e n\u00e3o precisam justificar nada para ningu\u00e9m. Quem sofre \u00e9 a popula\u00e7\u00e3o, que fica sem acesso a diversos servi\u00e7os de sa\u00fade, como uma marca\u00e7\u00e3o de consulta\u201d, ressalta. \u201cAinda mais, se tratando de uma \u00e1rea em que somos t\u00e3o carentes, e os agentes s\u00e3o o elo da popula\u00e7\u00e3o, principalmente a mais vulner\u00e1vel com a sa\u00fade\u201d, acrescenta.<\/p>\n<p>Em nota, a Secretaria de Sa\u00fade informou que ir\u00e1 apurar a den\u00fancia junto \u00e0 supervisora da unidade, \u201cadotando as medidas cab\u00edveis caso necess\u00e1rio\u201d. Ainda segundo a pasta, em caso de den\u00fancias, o cidad\u00e3o pode procurar a Subsecretaria de Aten\u00e7\u00e3o Prim\u00e1ria \u00e0 Sa\u00fade, localizada na Rua Halfeld, 1400, ou Conselho Municipal de Sa\u00fade e a Ouvidoria Municipal de Sa\u00fade.<\/p>\n","protected":false},"excerpt":{"rendered":"<p>A Secretaria de Sa\u00fade (SS) da Prefeitura de Juiz de Fora (PJF) vai investigar o suposto caso de agentes comunit\u00e1rios de sa\u00fade que foram flagrados batendo o cart\u00e3o de ponto em uma Unidade B\u00e1sica de Sa\u00fade (UBS), e depois indo embora para suas resid\u00eancias ou para realizar outros afazeres n\u00e3o relacionados ao seu trabalho, voltando [&hellip;]<\/p>\n","protected":false},"author":96,"featured_media":96125,"comment_status":"closed","ping_status":"closed","sticky":false,"template":"","format":"standard","meta":{"footnotes":""},"categories":[253],"tags":[],"class_list":["post-96126","post","type-post","status-publish","format-standard","has-post-thumbnail","hentry","category-cidade"],"_links":{"self":[{"href":"https:\/\/diarioregionaldigital.com.br\/index.php?rest_route=\/wp\/v2\/posts\/96126","targetHints":{"allow":["GET"]}}],"collection":[{"href":"https:\/\/diarioregionaldigital.com.br\/index.php?rest_route=\/wp\/v2\/posts"}],"about":[{"href":"https:\/\/diarioregionaldigital.com.br\/index.php?rest_route=\/wp\/v2\/types\/post"}],"author":[{"embeddable":true,"href":"https:\/\/diarioregionaldigital.com.br\/index.php?rest_route=\/wp\/v2\/users\/96"}],"replies":[{"embeddable":true,"href":"https:\/\/diarioregionaldigital.com.br\/index.php?rest_route=%2Fwp%2Fv2%2Fcomments&post=96126"}],"version-history":[{"count":0,"href":"https:\/\/diarioregionaldigital.com.br\/index.php?rest_route=\/wp\/v2\/posts\/96126\/revisions"}],"wp:featuredmedia":[{"embeddable":true,"href":"https:\/\/diarioregionaldigital.com.br\/index.php?rest_route=\/wp\/v2\/media\/96125"}],"wp:attachment":[{"href":"https:\/\/diarioregionaldigital.com.br\/index.php?rest_route=%2Fwp%2Fv2%2Fmedia&parent=96126"}],"wp:term":[{"taxonomy":"category","embeddable":true,"href":"https:\/\/diarioregionaldigital.com.br\/index.php?rest_route=%2Fwp%2Fv2%2Fcategories&post=96126"},{"taxonomy":"post_tag","embeddable":true,"href":"https:\/\/diarioregionaldigital.com.br\/index.php?rest_route=%2Fwp%2Fv2%2Ftags&post=96126"}],"curies":[{"name":"wp","href":"https:\/\/api.w.org\/{rel}","templated":true}]}}