{"id":96124,"date":"2018-04-11T19:05:07","date_gmt":"2018-04-11T22:05:07","guid":{"rendered":"http:\/\/diarioregionaljf.com.br\/2018\/04\/11\/prefeito-antonio-almas-fala-dos-desafios-e-expectativas-para-sua-gestao\/"},"modified":"2018-04-11T19:05:07","modified_gmt":"2018-04-11T22:05:07","slug":"prefeito-antonio-almas-fala-dos-desafios-e-expectativas-para-sua-gestao","status":"publish","type":"post","link":"https:\/\/diarioregionaldigital.com.br\/?p=96124","title":{"rendered":"Prefeito Ant\u00f4nio Almas fala dos desafios e expectativas para sua gest\u00e3o"},"content":{"rendered":"<p>Desde sua posse na sexta-feira, 6, o atual prefeito de Juiz de Fora, Ant\u00f4nio Almas (PSDB), teve uma agenda cheia, com reuni\u00f5es, entrevistas para imprensa e primeiros dias a frente do executivo do munic\u00edpio.<\/p>\n<p>Ant\u00f4nio Almas, at\u00e9 ent\u00e3o vice-prefeito de Bruno Siqueira (MDB), assumiu a partir dessa data, o poder executivo da cidade e segue no mandato at\u00e9 dia 31 de dezembro de 2020.<\/p>\n<p>Em meio a esse turbilh\u00e3o de nova atribui\u00e7\u00f5es, Almas conversou com a equipe do Di\u00e1rio Regional a fim de apresentar os primeiros passos de sua gest\u00e3o, discutir os desafios atuais e falar sobre as expectativas para o futuro da cidade.<\/p>\n<p><strong>DR &#8211; Quais os principais desafios de sua gest\u00e3o?<\/strong><br \/><strong>Ant\u00f4nio Almas &#8211;<\/strong> Gra\u00e7as a atua\u00e7\u00e3o do ex-prefeito Bruno Siqueira e toda sua equipe, n\u00f3s conseguimos vencer boa parte dos desafios. O pr\u00f3ximo ser\u00e1 aprofundar as a\u00e7\u00f5es que j\u00e1 estamos desenvolvendo, suprimir o processo da crise econ\u00f4mica ou buscar condi\u00e7\u00f5es mais favor\u00e1veis, dentro dessa crise, para manter as conquistas que at\u00e9 agora conseguimos. Nosso objetivo principal \u00e9 garantir os pagamentos dos funcion\u00e1rios em dia e buscar melhor todas as rela\u00e7\u00f5es com nossos fornecedores.<\/p>\n<p>&nbsp;<\/p>\n<p><strong>&#8211; Quais os planos para sua administra\u00e7\u00e3o?<\/strong><br \/>&#8211; Dentro dessa novidade que \u00e9 minha presen\u00e7a, \u00e9 bom ressaltar que n\u00e3o estaremos estabelecendo aqui um rompimento administrativo, pelo contr\u00e1rio, h\u00e1 uma continuidade, como tenho dito, sem continu\u00edsmo, pois queremos implementar tamb\u00e9m nossa marca digital.<\/p>\n<p>Essa marca digital significa aprofundar algumas quest\u00f5es que nos s\u00e3o caras. Dentre elas a participa\u00e7\u00e3o popular, aumentar e ampliar mecanismos de conversa com a popula\u00e7\u00e3o.<\/p>\n<p>E em um setor mais espec\u00edfico, desenvolver a\u00e7\u00f5es relacionadas a aprimorar o turismo na cidade e na regi\u00e3o. Juiz de Fora pode, como sempre o \u00e9, ser p\u00f3lo dessas a\u00e7\u00f5es. Em outros pedidos relacionados \u00e0s \u00e1reas da sa\u00fade, educa\u00e7\u00e3o, assist\u00eancia social, precisamos aprofundar as conquistas. As conquistas existem e nos podemos fazer um pouco mais.<\/p>\n<p>Quando na campanha eleitoral apresentamos um plano de governo para Juiz de Fora, \u00e9 aquele plano que continua em vigor. Aquele plano \u00e9 um contrato estabelecido com a sociedade. Ele tem data de validade at\u00e9 dia 31 de dezembro de 2020, podendo ser prorrogado.<\/p>\n<p>&nbsp;<\/p>\n<p><strong>&#8211; Quais as expectativas para os pr\u00f3ximos meses?<\/strong><br \/>&#8211; A grande expectativa \u00e9 que o cen\u00e1rio econ\u00f4mico n\u00e3o seja contaminado pelo processo eleitoral. Esperamos uma melhora da situa\u00e7\u00e3o para que a gente possa avan\u00e7ar em outros projetos.<\/p>\n<p>Estamos dando muita continuidade a muitos projetos j\u00e1 vinham sendo desenvolvidos. Refor\u00e7o que n\u00e3o h\u00e1 rompimento dessa situa\u00e7\u00e3o. Precisamos trabalhar e conquistar melhores condi\u00e7\u00f5es para execu\u00e7\u00e3o desses projetos.L\u00f3gico que se, no decorrer do processo, tivermos condi\u00e7\u00f5es econ\u00f4micas mais favor\u00e1veis, vamos buscar novos projetos estruturantes para cidade.<\/p>\n<p>\u00c9 bom salientar que o momento hoje \u00e9 extremamente dif\u00edcil, por que temos tido, inclusive, reten\u00e7\u00e3o de recursos por parte do estado. Dificuldade de repasse em \u00e1reas fundamentais para se cumprir o dever constitucional (do executivo da cidade).<\/p>\n<p>&nbsp;<\/p>\n<p><strong>&#8211; Ocorrer\u00e3o muitas mudan\u00e7as na equipe que atual na Prefeitura?<\/strong><br \/>&#8211; A equipe n\u00e3o sofrer\u00e1 grandes modifica\u00e7\u00f5es, apenas as pontuais, que s\u00e3o pr\u00f3prias de cada gestor. J\u00e1 tivemos duas modifica\u00e7\u00f5es recentes. Um pedido de exonera\u00e7\u00e3o de Abra\u00e3o Ribeiro do cargo de titular da Secretaria de Desenvolvimento Social (SDS) e outro pedido de exonera\u00e7\u00e3o por parte de Jo\u00e3o de Matos Neto do cargo de secret\u00e1rio de Desenvolvimento Econ\u00f4mico, Trabalho e Turismo (SEDETTUR).<\/p>\n<p>&nbsp;<\/p>\n<p><strong>&#8211; J\u00e1 pensa na possibilidade de uma reelei\u00e7\u00e3o para o cargo?<\/strong><br \/>&#8211; A reelei\u00e7\u00e3o a prefeito \u00e9 uma possibilidade legal. Nunca personifico as quest\u00f5es na pol\u00edtica. Temos um grupo de partidos pol\u00edticos que se uniram durante o processo eleitoral de 2016 e continuam participando da administra\u00e7\u00e3o e n\u00f3s vamos manter parceria, pois entendemos que somos um projeto muito bom para cidade. Assim, dependendo das discuss\u00f5es que esse grupo partid\u00e1rio estabelecer, tudo ser\u00e1 poss\u00edvel no futuro.<\/p>\n<p>&nbsp;<\/p>\n<p><strong>&#8211; Qual mensagem deixa para a popula\u00e7\u00e3o da cidade?<\/strong><br \/>&#8211; O grande recado que poderia deixar para cidade de Juiz de Fora \u00e9 que n\u00e3o faltar\u00e1 esfor\u00e7o, trabalho, dedica\u00e7\u00e3o e muita vontade de construir uma cidade melhor. Eu quero estar olhando nos olhos da popula\u00e7\u00e3o no final deste mandato e dizer da certeza do dever cumprido.<\/p>\n<p>&nbsp;<\/p>\n<h4>MESA DE DEBATES<\/h4>\n<p>O prefeito Ant\u00f4nio Almas, tamb\u00e9m participou, na quarta-feira, 10, do programa Mesa de Debates, que vai ao ar pela TV Educativa de Juiz de Fora (TVE). Voc\u00ea pode conferir a edi\u00e7\u00e3o, totalmente dedicada \u00e0 participa\u00e7\u00e3o do prefeito, no canal da TVE no Youtube.<\/p>\n","protected":false},"excerpt":{"rendered":"<p>Desde sua posse na sexta-feira, 6, o atual prefeito de Juiz de Fora, Ant\u00f4nio Almas (PSDB), teve uma agenda cheia, com reuni\u00f5es, entrevistas para imprensa e primeiros dias a frente do executivo do munic\u00edpio. Ant\u00f4nio Almas, at\u00e9 ent\u00e3o vice-prefeito de Bruno Siqueira (MDB), assumiu a partir dessa data, o poder executivo da cidade e segue [&hellip;]<\/p>\n","protected":false},"author":96,"featured_media":96123,"comment_status":"closed","ping_status":"closed","sticky":false,"template":"","format":"standard","meta":{"footnotes":""},"categories":[253],"tags":[],"class_list":["post-96124","post","type-post","status-publish","format-standard","has-post-thumbnail","hentry","category-cidade"],"_links":{"self":[{"href":"https:\/\/diarioregionaldigital.com.br\/index.php?rest_route=\/wp\/v2\/posts\/96124","targetHints":{"allow":["GET"]}}],"collection":[{"href":"https:\/\/diarioregionaldigital.com.br\/index.php?rest_route=\/wp\/v2\/posts"}],"about":[{"href":"https:\/\/diarioregionaldigital.com.br\/index.php?rest_route=\/wp\/v2\/types\/post"}],"author":[{"embeddable":true,"href":"https:\/\/diarioregionaldigital.com.br\/index.php?rest_route=\/wp\/v2\/users\/96"}],"replies":[{"embeddable":true,"href":"https:\/\/diarioregionaldigital.com.br\/index.php?rest_route=%2Fwp%2Fv2%2Fcomments&post=96124"}],"version-history":[{"count":0,"href":"https:\/\/diarioregionaldigital.com.br\/index.php?rest_route=\/wp\/v2\/posts\/96124\/revisions"}],"wp:featuredmedia":[{"embeddable":true,"href":"https:\/\/diarioregionaldigital.com.br\/index.php?rest_route=\/wp\/v2\/media\/96123"}],"wp:attachment":[{"href":"https:\/\/diarioregionaldigital.com.br\/index.php?rest_route=%2Fwp%2Fv2%2Fmedia&parent=96124"}],"wp:term":[{"taxonomy":"category","embeddable":true,"href":"https:\/\/diarioregionaldigital.com.br\/index.php?rest_route=%2Fwp%2Fv2%2Fcategories&post=96124"},{"taxonomy":"post_tag","embeddable":true,"href":"https:\/\/diarioregionaldigital.com.br\/index.php?rest_route=%2Fwp%2Fv2%2Ftags&post=96124"}],"curies":[{"name":"wp","href":"https:\/\/api.w.org\/{rel}","templated":true}]}}