{"id":96122,"date":"2018-04-11T18:43:31","date_gmt":"2018-04-11T21:43:31","guid":{"rendered":"http:\/\/diarioregionaljf.com.br\/2018\/04\/11\/jovem-e-preso-por-posse-ilegal-de-arma-em-muriae\/"},"modified":"2018-04-11T18:43:31","modified_gmt":"2018-04-11T21:43:31","slug":"jovem-e-preso-por-posse-ilegal-de-arma-em-muriae","status":"publish","type":"post","link":"https:\/\/diarioregionaldigital.com.br\/?p=96122","title":{"rendered":"Jovem \u00e9 preso por posse ilegal de arma em Muria\u00e9"},"content":{"rendered":"<p>Um jovem de 25 anos foi preso, na manh\u00e3 dessa quarta-feira, 11, por posse ilegal de arma de fogo em Muria\u00e9.<\/p>\n<p>Logo no in\u00edcio da manh\u00e3, as equipes da Pol\u00edcia Militar desencadearam uma opera\u00e7\u00e3o para cumprimento de cinco mandados de busca e apreens\u00e3o em casas no bairro Santo Ant\u00f4nio.<\/p>\n<p>Em uma das resid\u00eancias, militares encontraram, no congelador de uma geladeira, um rev\u00f3lver calibre 357, carregado com seis muni\u00e7\u00f5es de calibre 38. J\u00e1 no quarto do denunciado, foram localizadas mais seis muni\u00e7\u00f5es do mesmo calibre.<\/p>\n<p>Fonte: Assessoria<\/p>\n","protected":false},"excerpt":{"rendered":"<p>Um jovem de 25 anos foi preso, na manh\u00e3 dessa quarta-feira, 11, por posse ilegal de arma de fogo em Muria\u00e9. Logo no in\u00edcio da manh\u00e3, as equipes da Pol\u00edcia Militar desencadearam uma opera\u00e7\u00e3o para cumprimento de cinco mandados de busca e apreens\u00e3o em casas no bairro Santo Ant\u00f4nio. Em uma das resid\u00eancias, militares encontraram, [&hellip;]<\/p>\n","protected":false},"author":96,"featured_media":96121,"comment_status":"closed","ping_status":"closed","sticky":false,"template":"","format":"standard","meta":{"footnotes":""},"categories":[252],"tags":[],"class_list":["post-96122","post","type-post","status-publish","format-standard","has-post-thumbnail","hentry","category-regiao"],"_links":{"self":[{"href":"https:\/\/diarioregionaldigital.com.br\/index.php?rest_route=\/wp\/v2\/posts\/96122","targetHints":{"allow":["GET"]}}],"collection":[{"href":"https:\/\/diarioregionaldigital.com.br\/index.php?rest_route=\/wp\/v2\/posts"}],"about":[{"href":"https:\/\/diarioregionaldigital.com.br\/index.php?rest_route=\/wp\/v2\/types\/post"}],"author":[{"embeddable":true,"href":"https:\/\/diarioregionaldigital.com.br\/index.php?rest_route=\/wp\/v2\/users\/96"}],"replies":[{"embeddable":true,"href":"https:\/\/diarioregionaldigital.com.br\/index.php?rest_route=%2Fwp%2Fv2%2Fcomments&post=96122"}],"version-history":[{"count":0,"href":"https:\/\/diarioregionaldigital.com.br\/index.php?rest_route=\/wp\/v2\/posts\/96122\/revisions"}],"wp:featuredmedia":[{"embeddable":true,"href":"https:\/\/diarioregionaldigital.com.br\/index.php?rest_route=\/wp\/v2\/media\/96121"}],"wp:attachment":[{"href":"https:\/\/diarioregionaldigital.com.br\/index.php?rest_route=%2Fwp%2Fv2%2Fmedia&parent=96122"}],"wp:term":[{"taxonomy":"category","embeddable":true,"href":"https:\/\/diarioregionaldigital.com.br\/index.php?rest_route=%2Fwp%2Fv2%2Fcategories&post=96122"},{"taxonomy":"post_tag","embeddable":true,"href":"https:\/\/diarioregionaldigital.com.br\/index.php?rest_route=%2Fwp%2Fv2%2Ftags&post=96122"}],"curies":[{"name":"wp","href":"https:\/\/api.w.org\/{rel}","templated":true}]}}