{"id":96120,"date":"2018-04-11T18:40:18","date_gmt":"2018-04-11T21:40:18","guid":{"rendered":"http:\/\/diarioregionaljf.com.br\/2018\/04\/11\/goias-recebe-648-mil-doses-de-vacina-contra-a-gripe-vacinacao-comeca-na-sexta\/"},"modified":"2018-04-11T18:40:18","modified_gmt":"2018-04-11T21:40:18","slug":"goias-recebe-648-mil-doses-de-vacina-contra-a-gripe-vacinacao-comeca-na-sexta","status":"publish","type":"post","link":"https:\/\/diarioregionaldigital.com.br\/?p=96120","title":{"rendered":"Goi\u00e1s recebe 648 mil doses de vacina contra a gripe; vacina\u00e7\u00e3o come\u00e7a na sexta"},"content":{"rendered":"<p>Goi\u00e1s recebe a partir de hoje, 11, 648 mil doses da vacina contra a gripe. O restante das doses, segundo o Minist\u00e9rio da Sa\u00fade, ser\u00e1 enviado ao longo das pr\u00f3ximas semanas. O acerto foi realizado via telefonema, na \u00faltima segunda-feira, 9, entre o ministro Gilberto Occhi e o governador Jos\u00e9 Eliton.<\/p>\n<p>A campanha no estado foi antecipada em raz\u00e3o de um surto de infec\u00e7\u00f5es pelo v\u00edrus H1N1 e come\u00e7a na pr\u00f3xima sexta-feira, 13. De acordo com a Secretaria de Sa\u00fade de Goi\u00e1s, neste primeiro momento, apenas idosos (com mais de 60 anos), profissionais de sa\u00fade e pessoas com algum tipo de comorbidade ou doen\u00e7a cr\u00f4nica v\u00e3o receber a dose.<\/p>\n<p>A vacina enviada pelo minist\u00e9rio ao estado \u00e9 a influenza trivalente 2018, utilizada em todo o pa\u00eds, que protege contra os v\u00edrus H1N1, H3N2 e influenza B. A secretaria refor\u00e7ou que h\u00e1 doses suficientes para imunizar a popula\u00e7\u00e3o priorit\u00e1ria. A log\u00edstica de distribui\u00e7\u00e3o foi organizada pelo comit\u00ea de enfrentamento \u00e0 influenza.<\/p>\n<p>Veja abaixo o cronograma espec\u00edfico para a popula\u00e7\u00e3o priorit\u00e1ria que ser\u00e1 vacinada em Goi\u00e1s:<\/p>\n<p>&#8211; 13 de abril a 20 de maio: idosos, profissionais de sa\u00fade e pessoas com comorbidades;<\/p>\n<p>&#8211; 23 de abril a 27 de abril: gestantes, pu\u00e9rperas e crian\u00e7as;<\/p>\n<p>&#8211; 30 de abril a 11 de maio: professores;<\/p>\n<p>&#8211; 12 de maio (Dia D): todos os grupos priorit\u00e1rios;<\/p>\n<p>&#8211; 14 de maio a 1\u00ba de junho: todos os grupos priorit\u00e1rios.<\/p>\n<p>A popula\u00e7\u00e3o ind\u00edgena pode receber a dose durante todo o per\u00edodo da campanha no estado. Pessoas privadas de liberdade e funcion\u00e1rios do sistema prisional ser\u00e3o imunizados conforme agendamento de cada munic\u00edpio.<\/p>\n<h4>&nbsp;<\/h4>\n<h4>CASOS<\/h4>\n<p>Dados do Minist\u00e9rio da Sa\u00fade apontam que, este ano, at\u00e9 31 de mar\u00e7o, foram registrados 228 casos de influenza em todo o pa\u00eds, sendo 41 em Goi\u00e1s. No mesmo per\u00edodo, foram identificados 28 \u00f3bitos, sendo 4 em Goi\u00e1s.<\/p>\n<p>Do total nacional, 57 casos e 10 \u00f3bitos foram por H3N2. Em rela\u00e7\u00e3o ao v\u00edrus H1N1, foram registrados 84 casos e 8 \u00f3bitos. Ainda foram registrados 50 casos e 6 \u00f3bitos por influenza B e os outros 37 casos e 4 \u00f3bitos por influenza A n\u00e3o subtipado.<\/p>\n<p>No mesmo per\u00edodo de 2017, foram registrados 276 casos de influenza no pa\u00eds, com 48 \u00f3bitos. Desse total, 21 casos e 6 mortes foram por H1N1; 158 casos e 20 \u00f3bitos por H3N2; 63 casos e 21 \u00f3bitos por influenza B; e 34 casos e uma morte por influenza A n\u00e3o subtipada.<\/p>\n<p>Fonte: Ag\u00eancia Brasil<\/p>\n","protected":false},"excerpt":{"rendered":"<p>Goi\u00e1s recebe a partir de hoje, 11, 648 mil doses da vacina contra a gripe. O restante das doses, segundo o Minist\u00e9rio da Sa\u00fade, ser\u00e1 enviado ao longo das pr\u00f3ximas semanas. O acerto foi realizado via telefonema, na \u00faltima segunda-feira, 9, entre o ministro Gilberto Occhi e o governador Jos\u00e9 Eliton. A campanha no estado [&hellip;]<\/p>\n","protected":false},"author":96,"featured_media":96119,"comment_status":"closed","ping_status":"closed","sticky":false,"template":"","format":"standard","meta":{"footnotes":""},"categories":[302],"tags":[],"class_list":["post-96120","post","type-post","status-publish","format-standard","has-post-thumbnail","hentry","category-brasil-mundo"],"_links":{"self":[{"href":"https:\/\/diarioregionaldigital.com.br\/index.php?rest_route=\/wp\/v2\/posts\/96120","targetHints":{"allow":["GET"]}}],"collection":[{"href":"https:\/\/diarioregionaldigital.com.br\/index.php?rest_route=\/wp\/v2\/posts"}],"about":[{"href":"https:\/\/diarioregionaldigital.com.br\/index.php?rest_route=\/wp\/v2\/types\/post"}],"author":[{"embeddable":true,"href":"https:\/\/diarioregionaldigital.com.br\/index.php?rest_route=\/wp\/v2\/users\/96"}],"replies":[{"embeddable":true,"href":"https:\/\/diarioregionaldigital.com.br\/index.php?rest_route=%2Fwp%2Fv2%2Fcomments&post=96120"}],"version-history":[{"count":0,"href":"https:\/\/diarioregionaldigital.com.br\/index.php?rest_route=\/wp\/v2\/posts\/96120\/revisions"}],"wp:featuredmedia":[{"embeddable":true,"href":"https:\/\/diarioregionaldigital.com.br\/index.php?rest_route=\/wp\/v2\/media\/96119"}],"wp:attachment":[{"href":"https:\/\/diarioregionaldigital.com.br\/index.php?rest_route=%2Fwp%2Fv2%2Fmedia&parent=96120"}],"wp:term":[{"taxonomy":"category","embeddable":true,"href":"https:\/\/diarioregionaldigital.com.br\/index.php?rest_route=%2Fwp%2Fv2%2Fcategories&post=96120"},{"taxonomy":"post_tag","embeddable":true,"href":"https:\/\/diarioregionaldigital.com.br\/index.php?rest_route=%2Fwp%2Fv2%2Ftags&post=96120"}],"curies":[{"name":"wp","href":"https:\/\/api.w.org\/{rel}","templated":true}]}}