{"id":96118,"date":"2018-04-11T18:36:04","date_gmt":"2018-04-11T21:36:04","guid":{"rendered":"http:\/\/diarioregionaljf.com.br\/2018\/04\/11\/trump-diz-que-esta-pronto-para-atacar-a-siria-com-misseis\/"},"modified":"2018-04-11T18:36:04","modified_gmt":"2018-04-11T21:36:04","slug":"trump-diz-que-esta-pronto-para-atacar-a-siria-com-misseis","status":"publish","type":"post","link":"https:\/\/diarioregionaldigital.com.br\/?p=96118","title":{"rendered":"Trump diz que est\u00e1 pronto para atacar a S\u00edria com m\u00edsseis"},"content":{"rendered":"<p>O presidente dos Estados Unidos (EUA), Donald Trump, alertou nessa quarta-feira, 11, a R\u00fassia, em mensagem no Twitter, sobre uma a\u00e7\u00e3o militar envolvendo um ataque com m\u00edsseis contra a S\u00edria. &#8220;A R\u00fassia promete derrubar todos e quaisquer m\u00edsseis disparados contra a S\u00edria. Prepare-se R\u00fassia, porque eles vir\u00e3o, bons, novos e espertos!&#8221;, escreveu. O an\u00fancio ocorre quatro dias depois de o governo s\u00edrio ser acusado de lan\u00e7ar um ataque qu\u00edmico que matou civis na regi\u00e3o de Ghouta Oriental.<\/p>\n<p>Trump tamb\u00e9m usou um tom mais ofensivo ao referir-se \u00e0 alian\u00e7a entre a R\u00fassia e o governo de Bashar Al Assad. Segundo ele, o presidente da R\u00fassia, Vladimir Putin, n\u00e3o deveria ser parceiro de um &#8220;animal assassino&#8221; que usa g\u00e1s para matar e &#8220;gosta disso&#8221;.<\/p>\n<p>O presidente norte-americano disse, na \u00faltima segunda-feira, 9, que em 24 ou 48 horas anunciaria sua decis\u00e3o sobre a S\u00edria. A mensagem de Trump na manh\u00e3 de hoje aumenta a tens\u00e3o pol\u00edtica e militar na regi\u00e3o.<\/p>\n<h4>&nbsp;<\/h4>\n<h4>ATAQUE<\/h4>\n<p>No come\u00e7o do m\u00eas, Trump havia dito que planejava retirar tropas dos EUA da S\u00edria. Ap\u00f3s os ataques qu\u00edmicos no fim de semana, ele subiu novamente o tom das declara\u00e7\u00f5es.<\/p>\n<p>Em mensagem no Facebook, a porta-voz do Minist\u00e9rio das Rela\u00e7\u00f5es Exteriores da R\u00fassia, Maria Zakharova, disse que &#8220;m\u00edsseis inteligentes deveriam voar em dire\u00e7\u00e3o a terroristas, n\u00e3o ao governo legal que vem combatendo o terrorismo internacional h\u00e1 v\u00e1rios anos em seu territ\u00f3rio&#8221;.<\/p>\n<p>O porta-voz do Kremlin, Dmitry Peskov, afirmou que a R\u00fassia espera que todas as partes envolvidas na S\u00edria evitem quaisquer medidas que possam &#8220;desestabilizar significativamente&#8221; uma situa\u00e7\u00e3o j\u00e1 &#8220;fr\u00e1gil&#8221;.<\/p>\n<p>Fonte: Ag\u00eancia Brasil<\/p>\n","protected":false},"excerpt":{"rendered":"<p>O presidente dos Estados Unidos (EUA), Donald Trump, alertou nessa quarta-feira, 11, a R\u00fassia, em mensagem no Twitter, sobre uma a\u00e7\u00e3o militar envolvendo um ataque com m\u00edsseis contra a S\u00edria. &#8220;A R\u00fassia promete derrubar todos e quaisquer m\u00edsseis disparados contra a S\u00edria. Prepare-se R\u00fassia, porque eles vir\u00e3o, bons, novos e espertos!&#8221;, escreveu. O an\u00fancio ocorre [&hellip;]<\/p>\n","protected":false},"author":96,"featured_media":95884,"comment_status":"closed","ping_status":"closed","sticky":false,"template":"","format":"standard","meta":{"footnotes":""},"categories":[302],"tags":[],"class_list":["post-96118","post","type-post","status-publish","format-standard","has-post-thumbnail","hentry","category-brasil-mundo"],"_links":{"self":[{"href":"https:\/\/diarioregionaldigital.com.br\/index.php?rest_route=\/wp\/v2\/posts\/96118","targetHints":{"allow":["GET"]}}],"collection":[{"href":"https:\/\/diarioregionaldigital.com.br\/index.php?rest_route=\/wp\/v2\/posts"}],"about":[{"href":"https:\/\/diarioregionaldigital.com.br\/index.php?rest_route=\/wp\/v2\/types\/post"}],"author":[{"embeddable":true,"href":"https:\/\/diarioregionaldigital.com.br\/index.php?rest_route=\/wp\/v2\/users\/96"}],"replies":[{"embeddable":true,"href":"https:\/\/diarioregionaldigital.com.br\/index.php?rest_route=%2Fwp%2Fv2%2Fcomments&post=96118"}],"version-history":[{"count":0,"href":"https:\/\/diarioregionaldigital.com.br\/index.php?rest_route=\/wp\/v2\/posts\/96118\/revisions"}],"wp:featuredmedia":[{"embeddable":true,"href":"https:\/\/diarioregionaldigital.com.br\/index.php?rest_route=\/wp\/v2\/media\/95884"}],"wp:attachment":[{"href":"https:\/\/diarioregionaldigital.com.br\/index.php?rest_route=%2Fwp%2Fv2%2Fmedia&parent=96118"}],"wp:term":[{"taxonomy":"category","embeddable":true,"href":"https:\/\/diarioregionaldigital.com.br\/index.php?rest_route=%2Fwp%2Fv2%2Fcategories&post=96118"},{"taxonomy":"post_tag","embeddable":true,"href":"https:\/\/diarioregionaldigital.com.br\/index.php?rest_route=%2Fwp%2Fv2%2Ftags&post=96118"}],"curies":[{"name":"wp","href":"https:\/\/api.w.org\/{rel}","templated":true}]}}