{"id":96117,"date":"2018-04-11T15:16:02","date_gmt":"2018-04-11T18:16:02","guid":{"rendered":"http:\/\/diarioregionaljf.com.br\/2018\/04\/11\/ministro-da-ciencia-tecnologia-inovacoes-e-comunicacoes-se-reune-com-liderancas-em-muriae\/"},"modified":"2018-04-11T15:16:02","modified_gmt":"2018-04-11T18:16:02","slug":"ministro-da-ciencia-tecnologia-inovacoes-e-comunicacoes-se-reune-com-liderancas-em-muriae","status":"publish","type":"post","link":"https:\/\/diarioregionaldigital.com.br\/?p=96117","title":{"rendered":"Ministro da Ci\u00eancia, Tecnologia, Inova\u00e7\u00f5es e Comunica\u00e7\u00f5es se re\u00fane com lideran\u00e7as em Muria\u00e9"},"content":{"rendered":"<p>O Ministro da Ci\u00eancia, Tecnologia, Inova\u00e7\u00f5es e Comunica\u00e7\u00f5es Gilberto Kassab (PSD) esteve em Muria\u00e9 nessa ter\u00e7a-feira, 10, para um encontro com lideran\u00e7as da regi\u00e3o. O evento aconteceu no anfiteatro da Unifaminas e contou com a presen\u00e7a de deputados federais e estaduais, al\u00e9m de prefeitos de v\u00e1rias cidades da regi\u00e3o.<\/p>\n<p>Os rec\u00e9m-filiados ao PSD, deputado federal, Misael Varella, e suplente de senador, Lael Varella, foram os anfitri\u00f5es do encontro. O deputado estadual Wilson Batista (PSD) e o prefeito Grego (DEM) tamb\u00e9m estiveram presentes, assim como o Diretor Administrativo da Funda\u00e7\u00e3o Cristiano Varella S\u00e9rgio Dias Henrique que foi apresentado como pr\u00e9-candidato a deputado estadual pelo PSD.<\/p>\n<p>Em sua fala o ministro destacou o programa \u201cInternet para Todos\u201d que tem o objetivo de levar acesso \u00e0 banda larga a localidades sem conectividade de todo o pa\u00eds. A conex\u00e3o ser\u00e1 feita por meio do Sat\u00e9lite Geoestacion\u00e1rio de Defesa e Comunica\u00e7\u00f5es Estrat\u00e9gicas (SGDC), de propriedade do governo brasileiro e que recebeu R$ 3 bilh\u00f5es em investimentos. Em \u00f3rbita desde maio de 2017, o sat\u00e9lite tem vida \u00fatil de 18 anos.<\/p>\n<p>Segundo o ministro Gilberto Kassab, as primeiras antenas do \u201cInternet para Todos\u201d foram instaladas em Pacaraima (RR) e explicou que a inten\u00e7\u00e3o \u00e9 abranger todo o pa\u00eds.<\/p>\n<p>Gilberto Kassab \u00e9 um dos fundadores do Partido Social Democr\u00e1tico (PSD) e presidente licenciado da legenda. Importantes lideran\u00e7as do partido na Assembleia Legislativa de Minas Gerais e na C\u00e2mara dos Deputados tamb\u00e9m compareceram ao encontro.<\/p>\n<p>Fonte: R\u00e1dio Muria\u00e9<\/p>\n","protected":false},"excerpt":{"rendered":"<p>O Ministro da Ci\u00eancia, Tecnologia, Inova\u00e7\u00f5es e Comunica\u00e7\u00f5es Gilberto Kassab (PSD) esteve em Muria\u00e9 nessa ter\u00e7a-feira, 10, para um encontro com lideran\u00e7as da regi\u00e3o. O evento aconteceu no anfiteatro da Unifaminas e contou com a presen\u00e7a de deputados federais e estaduais, al\u00e9m de prefeitos de v\u00e1rias cidades da regi\u00e3o. Os rec\u00e9m-filiados ao PSD, deputado federal, [&hellip;]<\/p>\n","protected":false},"author":96,"featured_media":96116,"comment_status":"closed","ping_status":"closed","sticky":false,"template":"","format":"standard","meta":{"footnotes":""},"categories":[252],"tags":[],"class_list":["post-96117","post","type-post","status-publish","format-standard","has-post-thumbnail","hentry","category-regiao"],"_links":{"self":[{"href":"https:\/\/diarioregionaldigital.com.br\/index.php?rest_route=\/wp\/v2\/posts\/96117","targetHints":{"allow":["GET"]}}],"collection":[{"href":"https:\/\/diarioregionaldigital.com.br\/index.php?rest_route=\/wp\/v2\/posts"}],"about":[{"href":"https:\/\/diarioregionaldigital.com.br\/index.php?rest_route=\/wp\/v2\/types\/post"}],"author":[{"embeddable":true,"href":"https:\/\/diarioregionaldigital.com.br\/index.php?rest_route=\/wp\/v2\/users\/96"}],"replies":[{"embeddable":true,"href":"https:\/\/diarioregionaldigital.com.br\/index.php?rest_route=%2Fwp%2Fv2%2Fcomments&post=96117"}],"version-history":[{"count":0,"href":"https:\/\/diarioregionaldigital.com.br\/index.php?rest_route=\/wp\/v2\/posts\/96117\/revisions"}],"wp:featuredmedia":[{"embeddable":true,"href":"https:\/\/diarioregionaldigital.com.br\/index.php?rest_route=\/wp\/v2\/media\/96116"}],"wp:attachment":[{"href":"https:\/\/diarioregionaldigital.com.br\/index.php?rest_route=%2Fwp%2Fv2%2Fmedia&parent=96117"}],"wp:term":[{"taxonomy":"category","embeddable":true,"href":"https:\/\/diarioregionaldigital.com.br\/index.php?rest_route=%2Fwp%2Fv2%2Fcategories&post=96117"},{"taxonomy":"post_tag","embeddable":true,"href":"https:\/\/diarioregionaldigital.com.br\/index.php?rest_route=%2Fwp%2Fv2%2Ftags&post=96117"}],"curies":[{"name":"wp","href":"https:\/\/api.w.org\/{rel}","templated":true}]}}