{"id":96115,"date":"2018-04-11T14:51:02","date_gmt":"2018-04-11T17:51:02","guid":{"rendered":"http:\/\/diarioregionaljf.com.br\/2018\/04\/11\/governo-de-minas-entrega-98-veiculos-para-88-municipios\/"},"modified":"2018-04-11T14:51:02","modified_gmt":"2018-04-11T17:51:02","slug":"governo-de-minas-entrega-98-veiculos-para-88-municipios","status":"publish","type":"post","link":"https:\/\/diarioregionaldigital.com.br\/?p=96115","title":{"rendered":"Governo de Minas entrega 98 ve\u00edculos para 88 munic\u00edpios"},"content":{"rendered":"<p>O governador de Minas Gerais, Fernando Pimentel, entregou na tarde dessa ter\u00e7a-feira, 10, no Pal\u00e1cio da Liberdade, 98 novos ve\u00edculos para refor\u00e7ar o atendimento \u00e0 popula\u00e7\u00e3o de 88 mun\u00edcios mineiros. Foram entregues 31 ambul\u00e2ncias, 21 minivans e 46 ve\u00edculos convencionais. Ao todo, foram investidos R$ 6,2 milh\u00f5es para a compra dos ve\u00edculos. Os recursos s\u00e3o provenientes de emendas de deputados estaduais.<\/p>\n<p>Em seu discurso, Fernando Pimentel destacou a import\u00e2ncia do ambiente de harmonia entre os poderes em Minas Gerais, fundamental para garantir entregas que beneficiem a popula\u00e7\u00e3o. O governador tamb\u00e9m abordou a atra\u00e7\u00e3o de novos investimentos para o Estado. \u201cN\u00f3s trouxemos para Minas Gerais, nesses tr\u00eas anos e pouco de governo, 77 novas empresas, gerando mais de dez mil novos empregos. Ningu\u00e9m sabe disso. Est\u00e1 l\u00e1 na Codemig e na Secretaria de Fazenda. A gente tamb\u00e9m n\u00e3o fica fazendo propaganda. Eu gosto de ver \u00e9 quando abre um latic\u00ednio novo num munic\u00edpio, quando come\u00e7a um empreendimento novo, quando expande o projeto Ja\u00edba, e as coisas come\u00e7am a entrar no eixo\u201d, refor\u00e7ou.<\/p>\n<p>Segundo o governador, o ambiente de harmonia pol\u00edtica em Minas Gerais \u00e9 um exemplo para o pa\u00eds. \u201cEu quero \u00e9 oferecer ao Brasil o exemplo de Minas Gerais. Aqui as coisas est\u00e3o diferentes. Os Poderes aqui trabalham em conjunto para ajudar a popula\u00e7\u00e3o, e \u00e9 a mesma coisa com os munic\u00edpios. Com todas as dificuldades, com a falta de dinheiro, com o d\u00e9ficit, com os problemas financeiros, or\u00e7ament\u00e1rios, com os problemas que a gente sabe que a administra\u00e7\u00e3o p\u00fablica traz para qualquer agente p\u00fablico, para qualquer administrador, a gente vai navegando e vamos superando a crise\u201d, afirmou.<\/p>\n<p>Durante a cerim\u00f4nia, o deputado estadual Tadeu Martins Leite tamb\u00e9m reafirmou a import\u00e2ncia da parceria entre a Assembleia Legislativa de Minas Gerais e o governo estadual, que tem conseguido avan\u00e7ar mesmo em um momento de dificuldade vivido pelo pa\u00eds. \u201cN\u00f3s entendemos e reconhecemos a import\u00e2ncia de entregas como essa que estamos fazendo aqui, de ambul\u00e2ncias, de carros, que l\u00e1 na ponta vai ajudar esses prefeitos e prefeitas que est\u00e3o aqui. Temos que reconhecer o trabalho e o esfor\u00e7o que o governo vem fazendo. Essas ambul\u00e2ncias v\u00e3o ajudar a dar um atendimento de qualidade para os cidad\u00e3os\u201d, afirmou.<\/p>\n<p>Segundo o prefeito de Ja\u00edba, Reginaldo Ant\u00f4nio da Silva, a sensibilidade do governador tem ajudado o desenvolvimento da regi\u00e3o Norte do Estado. \u201cJ\u00e1 estivemos aqui em diversas outras doa\u00e7\u00f5es e sabemos o quanto isso contribui para os nossos munic\u00edpios. O governo est\u00e1 junto com sua equipe buscando alternativas necess\u00e1rias para prestar os melhores atendimentos \u00e0 popula\u00e7\u00e3o. Hoje, o projeto Ja\u00edba est\u00e1 sendo mais reconhecido junto ao governo do Estado, que vai nos ajudar a desenvolver e melhorar os \u00edndices do Norte de Minas\u201d, disse.<\/p>\n<p>Tamb\u00e9m participaram da cerim\u00f4nia os secret\u00e1rios de Transportes e Obras P\u00fablicas, Murilo Valadares; de Cidades e de Integra\u00e7\u00e3o Regional, Carlos Murta; de Governo, Francisco Moreira; de Sa\u00fade, Nalton Sebasti\u00e3o Moreira Cruz; os deputados federais Odair Cunha e Newton Cardoso J\u00fanior; os deputados estaduais Vanderlei Miranda, Iran Barbosa, Cabo J\u00falio, Thiago Cota, Jo\u00e3o Magalh\u00e3es, Isauro Calais, S\u00e1vio Souza Cruz, Douglas Melo e Celise Laviola; al\u00e9m de prefeitos, vereadores e lideran\u00e7as municipais.<\/p>\n<p>Fonte: Ag\u00eancia Minas<\/p>\n","protected":false},"excerpt":{"rendered":"<p>O governador de Minas Gerais, Fernando Pimentel, entregou na tarde dessa ter\u00e7a-feira, 10, no Pal\u00e1cio da Liberdade, 98 novos ve\u00edculos para refor\u00e7ar o atendimento \u00e0 popula\u00e7\u00e3o de 88 mun\u00edcios mineiros. Foram entregues 31 ambul\u00e2ncias, 21 minivans e 46 ve\u00edculos convencionais. Ao todo, foram investidos R$ 6,2 milh\u00f5es para a compra dos ve\u00edculos. Os recursos s\u00e3o [&hellip;]<\/p>\n","protected":false},"author":96,"featured_media":96114,"comment_status":"closed","ping_status":"closed","sticky":false,"template":"","format":"standard","meta":{"footnotes":""},"categories":[252],"tags":[],"class_list":["post-96115","post","type-post","status-publish","format-standard","has-post-thumbnail","hentry","category-regiao"],"_links":{"self":[{"href":"https:\/\/diarioregionaldigital.com.br\/index.php?rest_route=\/wp\/v2\/posts\/96115","targetHints":{"allow":["GET"]}}],"collection":[{"href":"https:\/\/diarioregionaldigital.com.br\/index.php?rest_route=\/wp\/v2\/posts"}],"about":[{"href":"https:\/\/diarioregionaldigital.com.br\/index.php?rest_route=\/wp\/v2\/types\/post"}],"author":[{"embeddable":true,"href":"https:\/\/diarioregionaldigital.com.br\/index.php?rest_route=\/wp\/v2\/users\/96"}],"replies":[{"embeddable":true,"href":"https:\/\/diarioregionaldigital.com.br\/index.php?rest_route=%2Fwp%2Fv2%2Fcomments&post=96115"}],"version-history":[{"count":0,"href":"https:\/\/diarioregionaldigital.com.br\/index.php?rest_route=\/wp\/v2\/posts\/96115\/revisions"}],"wp:featuredmedia":[{"embeddable":true,"href":"https:\/\/diarioregionaldigital.com.br\/index.php?rest_route=\/wp\/v2\/media\/96114"}],"wp:attachment":[{"href":"https:\/\/diarioregionaldigital.com.br\/index.php?rest_route=%2Fwp%2Fv2%2Fmedia&parent=96115"}],"wp:term":[{"taxonomy":"category","embeddable":true,"href":"https:\/\/diarioregionaldigital.com.br\/index.php?rest_route=%2Fwp%2Fv2%2Fcategories&post=96115"},{"taxonomy":"post_tag","embeddable":true,"href":"https:\/\/diarioregionaldigital.com.br\/index.php?rest_route=%2Fwp%2Fv2%2Ftags&post=96115"}],"curies":[{"name":"wp","href":"https:\/\/api.w.org\/{rel}","templated":true}]}}