{"id":96111,"date":"2018-04-11T12:27:05","date_gmt":"2018-04-11T15:27:05","guid":{"rendered":"http:\/\/diarioregionaljf.com.br\/2018\/04\/11\/macri-elogia-independencia-da-justica-do-brasil\/"},"modified":"2018-04-11T12:27:05","modified_gmt":"2018-04-11T15:27:05","slug":"macri-elogia-independencia-da-justica-do-brasil","status":"publish","type":"post","link":"https:\/\/diarioregionaldigital.com.br\/?p=96111","title":{"rendered":"Macri elogia independ\u00eancia da Justi\u00e7a do Brasil"},"content":{"rendered":"<p>Ao lado do primeiro-ministro da Espanha, Mariano Rajoy, o presidente da Argentina, Mauricio Macri, elogiou nessa ter\u00e7a-feira, 10, a autonomia da Justi\u00e7a no Brasil. Ele se referiu ao processo judicial que levou \u00e0 pris\u00e3o do ex-presidente Luiz In\u00e1cio Lula da Silva.<\/p>\n<p>\u201cDaqui, como presidente da Argentina, n\u00e3o tenho mais que dizer al\u00e9m de que respeitamos o funcionamento institucional do Brasil\u201d, disse Macri durante entrevista coletiva, em Buenos Aires.<\/p>\n<p>Questionado sobre as perspectivas em rela\u00e7\u00e3o ao Brasil, Macri disse que: &#8220;Quando se fala de confian\u00e7a, um elemento central \u00e9 ter uma Justi\u00e7a independente, fundamental. Que fa\u00e7a respeitar a lei, e isso \u00e9 o que o Brasil tem hoje, uma Justi\u00e7a que se demonstrou verdadeiramente independente&#8221;.<\/p>\n<p>Repetidas vezes, Macri afirmou que torce pelo Brasil. At\u00e9 esta ter\u00e7a-feira, integrantes do governo argentino evitavam tecer coment\u00e1rios sobre a pris\u00e3o de Lula e sua repercuss\u00e3o tanto no Brasil como no Mercado Comum do Sul (Mercosul) \u2013 bloco regional, que re\u00fane Brasil, Argentina, Paraguai, Uruguai e Venezuela.<\/p>\n<p>Eleita senadora pela oposi\u00e7\u00e3o, a ex-presidente Cristina Kirchner criticou, por meio do Twitter, a condena\u00e7\u00e3o e a pris\u00e3o de Lula. Segundo ela, o ex-presidente brasileiro disputar\u00e1 as elei\u00e7\u00f5es em outubro. Com foro privilegiado, Cristina Kirchner dever\u00e1 responder a acusa\u00e7\u00f5es por corrup\u00e7\u00e3o.<\/p>\n<p>A Opera\u00e7\u00e3o Lava Jato tamb\u00e9m repercutiu na Argentina, que investiga 100 empresas por poss\u00edvel pagamento de propina. Preso por enriquecimento il\u00edcito, J\u00falio de Vido , ex-ministro do governo de Cristina Kirchner, \u00e9 suspeito tamb\u00e9m de receber US$ 35 milh\u00f5es em propinas para favorecer a Odebrecht.<\/p>\n<p>Apesar de afirmar inoc\u00eancia, o diretor da Ag\u00eancia Federal da Intelig\u00eancia da Argentina, Gustavo Arribas, tamb\u00e9m foi acusado pelo doleiro brasileiro Leonardo Meirelles de favorecimento financeiro.<\/p>\n<p>Fonte: Ag\u00eancia Brasil<\/p>\n","protected":false},"excerpt":{"rendered":"<p>Ao lado do primeiro-ministro da Espanha, Mariano Rajoy, o presidente da Argentina, Mauricio Macri, elogiou nessa ter\u00e7a-feira, 10, a autonomia da Justi\u00e7a no Brasil. Ele se referiu ao processo judicial que levou \u00e0 pris\u00e3o do ex-presidente Luiz In\u00e1cio Lula da Silva. \u201cDaqui, como presidente da Argentina, n\u00e3o tenho mais que dizer al\u00e9m de que respeitamos [&hellip;]<\/p>\n","protected":false},"author":96,"featured_media":96110,"comment_status":"closed","ping_status":"closed","sticky":false,"template":"","format":"standard","meta":{"footnotes":""},"categories":[302],"tags":[],"class_list":["post-96111","post","type-post","status-publish","format-standard","has-post-thumbnail","hentry","category-brasil-mundo"],"_links":{"self":[{"href":"https:\/\/diarioregionaldigital.com.br\/index.php?rest_route=\/wp\/v2\/posts\/96111","targetHints":{"allow":["GET"]}}],"collection":[{"href":"https:\/\/diarioregionaldigital.com.br\/index.php?rest_route=\/wp\/v2\/posts"}],"about":[{"href":"https:\/\/diarioregionaldigital.com.br\/index.php?rest_route=\/wp\/v2\/types\/post"}],"author":[{"embeddable":true,"href":"https:\/\/diarioregionaldigital.com.br\/index.php?rest_route=\/wp\/v2\/users\/96"}],"replies":[{"embeddable":true,"href":"https:\/\/diarioregionaldigital.com.br\/index.php?rest_route=%2Fwp%2Fv2%2Fcomments&post=96111"}],"version-history":[{"count":0,"href":"https:\/\/diarioregionaldigital.com.br\/index.php?rest_route=\/wp\/v2\/posts\/96111\/revisions"}],"wp:featuredmedia":[{"embeddable":true,"href":"https:\/\/diarioregionaldigital.com.br\/index.php?rest_route=\/wp\/v2\/media\/96110"}],"wp:attachment":[{"href":"https:\/\/diarioregionaldigital.com.br\/index.php?rest_route=%2Fwp%2Fv2%2Fmedia&parent=96111"}],"wp:term":[{"taxonomy":"category","embeddable":true,"href":"https:\/\/diarioregionaldigital.com.br\/index.php?rest_route=%2Fwp%2Fv2%2Fcategories&post=96111"},{"taxonomy":"post_tag","embeddable":true,"href":"https:\/\/diarioregionaldigital.com.br\/index.php?rest_route=%2Fwp%2Fv2%2Ftags&post=96111"}],"curies":[{"name":"wp","href":"https:\/\/api.w.org\/{rel}","templated":true}]}}