{"id":96109,"date":"2018-04-11T12:15:59","date_gmt":"2018-04-11T15:15:59","guid":{"rendered":"http:\/\/diarioregionaljf.com.br\/2018\/04\/11\/presidente-do-facebook-admite-falha-na-protecao-de-dados-dos-usuarios\/"},"modified":"2018-04-11T12:15:59","modified_gmt":"2018-04-11T15:15:59","slug":"presidente-do-facebook-admite-falha-na-protecao-de-dados-dos-usuarios","status":"publish","type":"post","link":"https:\/\/diarioregionaldigital.com.br\/?p=96109","title":{"rendered":"Presidente do Facebook admite falha na prote\u00e7\u00e3o de dados dos usu\u00e1rios"},"content":{"rendered":"<p>O presidente do Facebook, Mark Zuckerberg, classificou a incapacidade da empresa de prevenir epis\u00f3dios como a atua\u00e7\u00e3o da empresa Cambridge Analytica e a interfer\u00eancia russa nas elei\u00e7\u00f5es dos EUA de 2016 como \u201cum grande erro\u201d e pediu desculpas. Ele fala na tarde dessa ter\u00e7a-feira, 10, em uma audi\u00eancia conjunta das comiss\u00f5es Judici\u00e1ria e de Com\u00e9rcio do Senado dos Estados Unidos (EUA) sobre a responsabilidade da companhia na prote\u00e7\u00e3o da informa\u00e7\u00e3o de seus usu\u00e1rios.<\/p>\n<p>O esc\u00e2ndalo envolvendo a consultoria brit\u00e2nica Cambridge Analytica ganhou visibilidade ap\u00f3s um ex-funcion\u00e1rio da empresa revelar aos jornais The New York Times (EUA) e The Guardian (Reino Unido), em mar\u00e7o, que informa\u00e7\u00f5es de dezenas de milh\u00f5es de americanos foram usadas pela companhia para criar publicidade personalizada e influenciar elei\u00e7\u00f5es em todo o mundo, inclusive a disputa de 2016 que resultou na vit\u00f3ria de Donald Trump. No total, 70 milh\u00f5es tiveram dados usados sem permiss\u00e3o.\u201cEst\u00e1 claro agora que n\u00f3s n\u00e3o fizemos o suficiente para prevenir essas ferramentas [a plataforma] de serem usadas para danos. Isso vale para not\u00edcias falsas, interfer\u00eancias estrangeiras em elei\u00e7\u00f5es e discurso de \u00f3dio, bem como desenvolvedores e privacidade de dados. N\u00f3s n\u00e3o tomamos uma vis\u00e3o ampla o suficiente da nossa responsabilidade. Pe\u00e7o desculpas\u201d, disse.<\/p>\n<p>J\u00e1 a interfer\u00eancia russa nas elei\u00e7\u00f5es de 2016 mereceu uma investiga\u00e7\u00e3o no Congresso ap\u00f3s a revela\u00e7\u00e3o de rela\u00e7\u00f5es da campanha de Donald Trump com autoridades russas e de que contas daquele pa\u00eds atuaram durante o pleito para apoiar o atual presidente norte-americano e atacar a ent\u00e3o concorrente, Hillary Clinton, al\u00e9m de segmentos minorit\u00e1rios, como negros e mu\u00e7ulmanos. Em fevereiro, o Departamento de Justi\u00e7a do pa\u00eds indiciou 13 russos pela campanha de desinforma\u00e7\u00e3o.<\/p>\n<h4>MEDIDAS<\/h4>\n<p>Zuckerberg apresentou as medidas adotadas pela empresa sobre o tema. Lembrou que antes da divulga\u00e7\u00e3o na imprensa, em mar\u00e7o deste ano, o acesso aos dados por desenvolvedores como Alexandr Kogan havia sido drasticamente reduzido em 2014. Em 2015, Kogan foi banido e uma cobran\u00e7a foi feita \u00e0 Cambridge Analytica para apagar as informa\u00e7\u00f5es repassadas. A consultoria teria confirmado n\u00e3o dispor mais dos registros, o que se comprovou irreal.<\/p>\n<p>O presidente exp\u00f4s outras decis\u00f5es tomadas pela empresa. Aplicativos com acesso a dados de muitas pessoas est\u00e3o sendo \u201cinvestigados\u201d pela empresa. Em havendo suspeitas, o programa poder\u00e1 ser auditado. \u201cSe acharmos alguma atividade impr\u00f3pria, vamos bani-lo do Facebook e informar aos usu\u00e1rios que tiveram dados impropriamente usado\u201d, comentou.<\/p>\n<h4>INTERFER\u00caNCIA ESTRANGEIRA<\/h4>\n<p>A senadora Dianne Feinstein questionou quais provid\u00eancias est\u00e3o sendo tomadas para evitar interfer\u00eancias estrangeiras em elei\u00e7\u00f5es. Zuckerberg informou que diversas contas vinculadas \u00e0 atividade de russos foram derrubadas. Acrescentou que, desde 2016, houve elei\u00e7\u00f5es em que o Facebook teve atua\u00e7\u00e3o melhor, como na Fran\u00e7a e na Alemanha.<\/p>\n<p>De acordo com ele, depois do pleito de dois anos atr\u00e1s, a empresa investiu em recursos de intelig\u00eancia artificial para derrubar contas criadas com este intuito. No m\u00eas passado, relatou, 270 contas alegadamente vinculadas \u00e0 Ag\u00eancia de Pesquisa em Internet da R\u00fassia (\u00f3rg\u00e3o que teria atuado nas elei\u00e7\u00f5es dos EUA) foram fechadas porque os t\u00e9cnicos teriam identificado uma atua\u00e7\u00e3o na R\u00fassia em outros pa\u00edses vizinhos.<\/p>\n<h4>DISCURSO DE \u00d3DIO<\/h4>\n<p>O senador John Tune questionou a efetividade da postura do Facebook. \u201cVoc\u00eas t\u00eam um hist\u00f3rico de se desculpar. Depois de mais de uma d\u00e9cada de promessas de fazer diferente, por que devemos acreditar que agora \u00e9 diferente?\u201d, perguntou. O presidente reafirmou que houve muitas falhas. \u201c\u00c9 dif\u00edcil ter uma companhia desta escala sem cometer erros. Tentamos n\u00e3o cometer erros repetidamente\u201d. Ele afirmou que, agora, h\u00e1 uma mudan\u00e7a filos\u00f3fica na empresa, para assumir um papel mais proativo no uso das ferramentas disponibilizadas aos usu\u00e1rios.<\/p>\n<p>O parlamentar questionou como a empresa vai usar intelig\u00eancia artificial para coibir discurso de \u00f3dio. Zuckerberg respondeu que as tecnologias de IA v\u00e3o contribuir para identificar conte\u00fados, em parceria com funcion\u00e1rios, para fazer a revis\u00e3o e validar a derrubada dos conte\u00fados. \u201cDiscurso de \u00f3dio \u00e9 dif\u00edcil para intelig\u00eancia artificial, pois h\u00e1 uma nuan\u00e7a lingu\u00edstica\u201d, comentou.<\/p>\n<h4>AN\u00daNCIOS<\/h4>\n<p>O senador Bill Nelson citou um diretor do Facebook, segundo quem, para n\u00e3o receber an\u00fancios, as pessoas teriam que pagar pelo uso da rede social. E questionou por que o usu\u00e1rio n\u00e3o pode deligar o recebimento de an\u00fancios. Zuckerberg respondeu que o usu\u00e1rio pode desligar informa\u00e7\u00e3o para terceiros. Mas se h\u00e1 pessoas que n\u00e3o gostam de an\u00fancios, a resposta da comunidade, segundo ele, \u00e9 de que pessoas preferem receber informa\u00e7\u00e3o do que n\u00e3o receber. Para n\u00e3o ter an\u00fancios, a empresa teria que ter outro modelo de neg\u00f3cios que n\u00e3o ofereceria o servi\u00e7o de gra\u00e7a.<\/p>\n<p>Fonte: Ag\u00eancia Brasil<\/p>\n","protected":false},"excerpt":{"rendered":"<p>O presidente do Facebook, Mark Zuckerberg, classificou a incapacidade da empresa de prevenir epis\u00f3dios como a atua\u00e7\u00e3o da empresa Cambridge Analytica e a interfer\u00eancia russa nas elei\u00e7\u00f5es dos EUA de 2016 como \u201cum grande erro\u201d e pediu desculpas. Ele fala na tarde dessa ter\u00e7a-feira, 10, em uma audi\u00eancia conjunta das comiss\u00f5es Judici\u00e1ria e de Com\u00e9rcio [&hellip;]<\/p>\n","protected":false},"author":96,"featured_media":96108,"comment_status":"closed","ping_status":"closed","sticky":false,"template":"","format":"standard","meta":{"footnotes":""},"categories":[302],"tags":[],"class_list":["post-96109","post","type-post","status-publish","format-standard","has-post-thumbnail","hentry","category-brasil-mundo"],"_links":{"self":[{"href":"https:\/\/diarioregionaldigital.com.br\/index.php?rest_route=\/wp\/v2\/posts\/96109","targetHints":{"allow":["GET"]}}],"collection":[{"href":"https:\/\/diarioregionaldigital.com.br\/index.php?rest_route=\/wp\/v2\/posts"}],"about":[{"href":"https:\/\/diarioregionaldigital.com.br\/index.php?rest_route=\/wp\/v2\/types\/post"}],"author":[{"embeddable":true,"href":"https:\/\/diarioregionaldigital.com.br\/index.php?rest_route=\/wp\/v2\/users\/96"}],"replies":[{"embeddable":true,"href":"https:\/\/diarioregionaldigital.com.br\/index.php?rest_route=%2Fwp%2Fv2%2Fcomments&post=96109"}],"version-history":[{"count":0,"href":"https:\/\/diarioregionaldigital.com.br\/index.php?rest_route=\/wp\/v2\/posts\/96109\/revisions"}],"wp:featuredmedia":[{"embeddable":true,"href":"https:\/\/diarioregionaldigital.com.br\/index.php?rest_route=\/wp\/v2\/media\/96108"}],"wp:attachment":[{"href":"https:\/\/diarioregionaldigital.com.br\/index.php?rest_route=%2Fwp%2Fv2%2Fmedia&parent=96109"}],"wp:term":[{"taxonomy":"category","embeddable":true,"href":"https:\/\/diarioregionaldigital.com.br\/index.php?rest_route=%2Fwp%2Fv2%2Fcategories&post=96109"},{"taxonomy":"post_tag","embeddable":true,"href":"https:\/\/diarioregionaldigital.com.br\/index.php?rest_route=%2Fwp%2Fv2%2Ftags&post=96109"}],"curies":[{"name":"wp","href":"https:\/\/api.w.org\/{rel}","templated":true}]}}