{"id":96107,"date":"2018-04-11T12:08:02","date_gmt":"2018-04-11T15:08:02","guid":{"rendered":"http:\/\/diarioregionaljf.com.br\/2018\/04\/11\/justica-mantem-prisao-de-159-suspeitos-de-envolvimento-com-milicia-do-rio\/"},"modified":"2018-04-11T12:08:02","modified_gmt":"2018-04-11T15:08:02","slug":"justica-mantem-prisao-de-159-suspeitos-de-envolvimento-com-milicia-do-rio","status":"publish","type":"post","link":"https:\/\/diarioregionaldigital.com.br\/?p=96107","title":{"rendered":"Justi\u00e7a mant\u00e9m pris\u00e3o de 159 suspeitos de envolvimento com mil\u00edcia do Rio"},"content":{"rendered":"<p>O Tribunal de Justi\u00e7a do Rio decidiu manter presos 159 detidos em uma opera\u00e7\u00e3o da Pol\u00edcia Civil contra a mil\u00edcia Liga da Justi\u00e7a no \u00faltimo s\u00e1bado, 7. A decis\u00e3o foi tomada depois de uma audi\u00eancia de cust\u00f3dia que durou cerca de 15 horas.<\/p>\n<p>De acordo com a assessoria de imprensa do Tribunal de Justi\u00e7a, os 159 ficar\u00e3o presos preventivamente no Complexo de Gericin\u00f3 (Bangu), na zona oeste da capital. A audi\u00eancia foi feita por meio de videoconfer\u00eancia, em que a ju\u00edza permaneceu no F\u00f3rum Central e os presos, em Bangu.<\/p>\n<p>Os presos foram apresentados \u00e0 Justi\u00e7a em grupos de 20 pessoas de cada vez. A audi\u00eancia de cust\u00f3dia \u00e9 o instrumento processual que determina que todo preso em flagrante seja levado \u00e0 presen\u00e7a da autoridade judicial para que avalie a legalidade e necessidade de manuten\u00e7\u00e3o da pris\u00e3o.<\/p>\n<p>Os presos estavam em uma festa promovida pela mil\u00edcia Liga da Justi\u00e7a, que controla comunidades da zona oeste e da Baixada Fluminense. Durante a pris\u00e3o, houve troca de tiros entre os seguran\u00e7as do grupo criminoso e os policiais civis. O principal alvo da opera\u00e7\u00e3o, Wellington da Silva Braga, o Ecko, suspeito de chefiar a quadrilha, conseguiu escapar durante o tiroteio.<\/p>\n<p>Parentes de v\u00e1rios presos dizem que eles n\u00e3o pertencem \u00e0 mil\u00edcia e que foram presos injustamente, j\u00e1 que a festa, que inclu\u00eda shows das bandas Swing &amp; Simpatia e Pique Novo, era aberta ao p\u00fablico, mediante o pagamento de um ingresso de R$ 10.<\/p>\n<p>De acordo com a Pol\u00edcia Civil, o s\u00edtio em que foi realizada a festa \u00e9 um local notoriamente dominado pela mil\u00edcia, a festa era uma celebra\u00e7\u00e3o ao grupo criminoso e havia seguran\u00e7a feita por homens de fuzil, por isso \u201ctodos os frequentadores do evento tinham plena consci\u00eancia dessa a\u00e7\u00e3o delituosa\u201d.<\/p>\n<p>Fonte: Ag\u00eancia Brasil<\/p>\n","protected":false},"excerpt":{"rendered":"<p>O Tribunal de Justi\u00e7a do Rio decidiu manter presos 159 detidos em uma opera\u00e7\u00e3o da Pol\u00edcia Civil contra a mil\u00edcia Liga da Justi\u00e7a no \u00faltimo s\u00e1bado, 7. A decis\u00e3o foi tomada depois de uma audi\u00eancia de cust\u00f3dia que durou cerca de 15 horas. De acordo com a assessoria de imprensa do Tribunal de Justi\u00e7a, os [&hellip;]<\/p>\n","protected":false},"author":96,"featured_media":95895,"comment_status":"closed","ping_status":"closed","sticky":false,"template":"","format":"standard","meta":{"footnotes":""},"categories":[302],"tags":[],"class_list":["post-96107","post","type-post","status-publish","format-standard","has-post-thumbnail","hentry","category-brasil-mundo"],"_links":{"self":[{"href":"https:\/\/diarioregionaldigital.com.br\/index.php?rest_route=\/wp\/v2\/posts\/96107","targetHints":{"allow":["GET"]}}],"collection":[{"href":"https:\/\/diarioregionaldigital.com.br\/index.php?rest_route=\/wp\/v2\/posts"}],"about":[{"href":"https:\/\/diarioregionaldigital.com.br\/index.php?rest_route=\/wp\/v2\/types\/post"}],"author":[{"embeddable":true,"href":"https:\/\/diarioregionaldigital.com.br\/index.php?rest_route=\/wp\/v2\/users\/96"}],"replies":[{"embeddable":true,"href":"https:\/\/diarioregionaldigital.com.br\/index.php?rest_route=%2Fwp%2Fv2%2Fcomments&post=96107"}],"version-history":[{"count":0,"href":"https:\/\/diarioregionaldigital.com.br\/index.php?rest_route=\/wp\/v2\/posts\/96107\/revisions"}],"wp:featuredmedia":[{"embeddable":true,"href":"https:\/\/diarioregionaldigital.com.br\/index.php?rest_route=\/wp\/v2\/media\/95895"}],"wp:attachment":[{"href":"https:\/\/diarioregionaldigital.com.br\/index.php?rest_route=%2Fwp%2Fv2%2Fmedia&parent=96107"}],"wp:term":[{"taxonomy":"category","embeddable":true,"href":"https:\/\/diarioregionaldigital.com.br\/index.php?rest_route=%2Fwp%2Fv2%2Fcategories&post=96107"},{"taxonomy":"post_tag","embeddable":true,"href":"https:\/\/diarioregionaldigital.com.br\/index.php?rest_route=%2Fwp%2Fv2%2Ftags&post=96107"}],"curies":[{"name":"wp","href":"https:\/\/api.w.org\/{rel}","templated":true}]}}