{"id":96106,"date":"2018-04-11T11:57:18","date_gmt":"2018-04-11T14:57:18","guid":{"rendered":"http:\/\/diarioregionaljf.com.br\/2018\/04\/11\/mpf-de-sao-paulo-pede-para-investigar-alckmin-na-lava-jato\/"},"modified":"2018-04-11T11:57:18","modified_gmt":"2018-04-11T14:57:18","slug":"mpf-de-sao-paulo-pede-para-investigar-alckmin-na-lava-jato","status":"publish","type":"post","link":"https:\/\/diarioregionaldigital.com.br\/?p=96106","title":{"rendered":"MPF de S\u00e3o Paulo pede para investigar Alckmin na Lava Jato"},"content":{"rendered":"<p>A for\u00e7a-tarefa da Opera\u00e7\u00e3o Lava Jato do Minist\u00e9rio P\u00fablico Federal (MPF) em S\u00e3o Paulo requereu \u00e0 Procuradoria-Geral da Rep\u00fablica o inqu\u00e9rito que investiga o ex-governador paulista Geraldo Alckmin. Em of\u00edcio encaminhado nessa segunda-feira, 9, o MPF pede a transfer\u00eancia da apura\u00e7\u00e3o para S\u00e3o Paulo &#8220;com urg\u00eancia, tendo em vista o andamento avan\u00e7ado de outras apura\u00e7\u00f5es correlatas sob nossa responsabilidade&#8221;.<\/p>\n<p>Alckmin renunciou ao cargo de governador de S\u00e3o Paulo no \u00faltimo dia 6 de abril. Ele pretende disputar a indica\u00e7\u00e3o de seu partido para concorrer \u00e0 presid\u00eancia da Rep\u00fablica. Ao renunciar, Alckmin perdeu o foro por prerrogativa de fun\u00e7\u00e3o, e pode agora ser investigado pela for\u00e7a-tarefa da Lava Jato em S\u00e3o Paulo.<\/p>\n<p>A investiga\u00e7\u00e3o contra o ex-governador de S\u00e3o Paulo foi aberta a partir da peti\u00e7\u00e3o 6.639 do Supremo Tribunal Federal (STF) encaminhada pelo ministro Edson Fachin \u00e0 Corte Especial do Superior Tribunal de Justi\u00e7a (STJ).<\/p>\n<p>Segundo o MPF, depoimentos de colaboradores da Opera\u00e7\u00e3o Lava Jato \u2013 Benedicto Barbosa da Silva Junior (respons\u00e1vel pelo setor de pagamento de propinas da construtora Odebrecht), Carlos Armando Guedes Paschoal (ex-diretor da Odebrecht em S\u00e3o Paulo) e Arnaldo Cumplido de Souza e Silva (respons\u00e1vel da Odebrecht pelo contrato de constru\u00e7\u00e3o da Linha 6 do Metr\u00f4 de S\u00e3o Paulo) \u2013 indicaram o repasse irregular de recursos para Alckmin a t\u00edtulo de contribui\u00e7\u00e3o eleitoral. As doa\u00e7\u00f5es ilegais teriam contado com a participa\u00e7\u00e3o do cunhado do ex-governador, Adhemar C\u00e9sar Ribeiro.<\/p>\n<p>Procurada, a assessoria do ex-governador n\u00e3o foi localizada.<\/p>\n<p>Fonte: Ag\u00eancia Brasil<\/p>\n","protected":false},"excerpt":{"rendered":"<p>A for\u00e7a-tarefa da Opera\u00e7\u00e3o Lava Jato do Minist\u00e9rio P\u00fablico Federal (MPF) em S\u00e3o Paulo requereu \u00e0 Procuradoria-Geral da Rep\u00fablica o inqu\u00e9rito que investiga o ex-governador paulista Geraldo Alckmin. Em of\u00edcio encaminhado nessa segunda-feira, 9, o MPF pede a transfer\u00eancia da apura\u00e7\u00e3o para S\u00e3o Paulo &#8220;com urg\u00eancia, tendo em vista o andamento avan\u00e7ado de outras apura\u00e7\u00f5es [&hellip;]<\/p>\n","protected":false},"author":96,"featured_media":96105,"comment_status":"closed","ping_status":"closed","sticky":false,"template":"","format":"standard","meta":{"footnotes":""},"categories":[254],"tags":[],"class_list":["post-96106","post","type-post","status-publish","format-standard","has-post-thumbnail","hentry","category-politica"],"_links":{"self":[{"href":"https:\/\/diarioregionaldigital.com.br\/index.php?rest_route=\/wp\/v2\/posts\/96106","targetHints":{"allow":["GET"]}}],"collection":[{"href":"https:\/\/diarioregionaldigital.com.br\/index.php?rest_route=\/wp\/v2\/posts"}],"about":[{"href":"https:\/\/diarioregionaldigital.com.br\/index.php?rest_route=\/wp\/v2\/types\/post"}],"author":[{"embeddable":true,"href":"https:\/\/diarioregionaldigital.com.br\/index.php?rest_route=\/wp\/v2\/users\/96"}],"replies":[{"embeddable":true,"href":"https:\/\/diarioregionaldigital.com.br\/index.php?rest_route=%2Fwp%2Fv2%2Fcomments&post=96106"}],"version-history":[{"count":0,"href":"https:\/\/diarioregionaldigital.com.br\/index.php?rest_route=\/wp\/v2\/posts\/96106\/revisions"}],"wp:featuredmedia":[{"embeddable":true,"href":"https:\/\/diarioregionaldigital.com.br\/index.php?rest_route=\/wp\/v2\/media\/96105"}],"wp:attachment":[{"href":"https:\/\/diarioregionaldigital.com.br\/index.php?rest_route=%2Fwp%2Fv2%2Fmedia&parent=96106"}],"wp:term":[{"taxonomy":"category","embeddable":true,"href":"https:\/\/diarioregionaldigital.com.br\/index.php?rest_route=%2Fwp%2Fv2%2Fcategories&post=96106"},{"taxonomy":"post_tag","embeddable":true,"href":"https:\/\/diarioregionaldigital.com.br\/index.php?rest_route=%2Fwp%2Fv2%2Ftags&post=96106"}],"curies":[{"name":"wp","href":"https:\/\/api.w.org\/{rel}","templated":true}]}}